{"id":14864,"date":"2023-09-25T15:18:15","date_gmt":"2023-09-25T18:18:15","guid":{"rendered":"https:\/\/novosaopaulo.com.br\/n2\/?p=14864"},"modified":"2023-09-25T15:18:15","modified_gmt":"2023-09-25T18:18:15","slug":"pro-divino-tera-o-proprio-cultivo-de-abobora","status":"publish","type":"post","link":"https:\/\/novosaopaulo.com.br\/n1\/pro-divino-tera-o-proprio-cultivo-de-abobora\/","title":{"rendered":"Pr\u00f3-Divino ter\u00e1 o pr\u00f3prio cultivo de ab\u00f3bora"},"content":{"rendered":"\n<p>S\u00edtio na Estrada da Moralogia, em Mogi das Cruzes, vai abrigar a planta\u00e7\u00e3o; membros da Associa\u00e7\u00e3o, festeiros e capit\u00e3e de mastro da Festa do Divino 2024 far\u00e3o o plantio do fruto, neste s\u00e1bado (30)<\/p>\n\n\n\n<p>Um dos doces mais t\u00edpicos da Festa do Divino Esp\u00edrito Santo de Mogi das Cruzes, o de ab\u00f3bora, \u00e9 o que tamb\u00e9m demanda mais mat\u00e9ria-prima. Por esta raz\u00e3o, a Associa\u00e7\u00e3o Pr\u00f3-Festa do Divino, em parceria com o S\u00edtio Verona, na Estrada da Moralogia, em Mogi das Cruzes, se uniram para o projeto de sustentabilidade \u201cDivina Ab\u00f3bora\u201d.<\/p>\n\n\n\n<p>As mudas j\u00e1 est\u00e3o prontas, assim como a terra j\u00e1 est\u00e1 adubada. Aproximadamente, ser\u00e3o plantadas 700 mudas, neste s\u00e1bado (30), no s\u00edtio, de propriedade de Anderson Nunes Alvarenga, localizada na Sera do Itapeti. Ele cede uma ampla \u00e1rea.<\/p>\n\n\n\n<p>A expectativa \u00e9 que sejam colhidas algo em torno de seis a sete toneladas de ab\u00f3bora. O plantio ser\u00e1 feito neste s\u00e1bado (30). A sa\u00edda est\u00e1 prevista para \u00e0s 8 horas, na Associa\u00e7\u00e3o Pr\u00f3-Festa do Divino (Avenida Francisco Rodrigues Filho, 1.232), no Mogilar.<\/p>\n\n\n\n<p>\u201cContamos com a presen\u00e7a dos devotos para conferir o in\u00edcio deste projeto de sustentabilidade da nossa grandiosa Festa do Divino. L\u00e1 teremos um caf\u00e9 e a b\u00ean\u00e7\u00e3o deste plantio\u201d, explica Josmar Cassola, vice-presidente da Pr\u00f3-Divino.<\/p>\n\n\n\n<p>Em 2024, a Festa do Divino ser\u00e1 realizada de 9 de maio a 19 de maio, sob o tema \u201cDivino Esp\u00edrito Santo, derramai em nossos cora\u00e7\u00f5es o dom da miseric\u00f3rdia\u201d.<\/p>\n\n\n\n<p>Os Festeiros e os Capit\u00e3es de Mastro de 2024, s\u00e3o, respectivamente, Eduardo Ferreira Rego e Milena da Costa Freire Rego e Capit\u00e3es de Mastro Wagner Baptista Santos e Ludmyla de Oliveira Baptista Ramos.<\/p>\n\n\n\n<ul><li>As fotos s\u00e3o da \u00e1rea que ir\u00e1 receber o plantio de ab\u00f3bora:<\/li><\/ul>\n\n\n\n<figure class=\"wp-block-gallery columns-2 is-cropped wp-block-gallery-1 is-layout-flex wp-block-gallery-is-layout-flex\"><ul class=\"blocks-gallery-grid\"><li class=\"blocks-gallery-item\"><figure><img decoding=\"async\" src=\"https:\/\/novosaopaulo.com.br\/n2\/wp-content\/uploads\/2023\/09\/WhatsApp-Image-2023-09-25-at-15.00.02.jpeg\" alt=\"\" data-id=\"14865\" data-full-url=\"https:\/\/novosaopaulo.com.br\/n2\/wp-content\/uploads\/2023\/09\/WhatsApp-Image-2023-09-25-at-15.00.02.jpeg\" data-link=\"https:\/\/novosaopaulo.com.br\/n2\/?attachment_id=14865\" class=\"wp-image-14865\"\/><\/figure><\/li><li class=\"blocks-gallery-item\"><figure><img decoding=\"async\" src=\"https:\/\/novosaopaulo.com.br\/n2\/wp-content\/uploads\/2023\/09\/WhatsApp-Image-2023-09-25-at-15.00.03.jpeg\" alt=\"\" data-id=\"14866\" data-full-url=\"https:\/\/novosaopaulo.com.br\/n2\/wp-content\/uploads\/2023\/09\/WhatsApp-Image-2023-09-25-at-15.00.03.jpeg\" data-link=\"https:\/\/novosaopaulo.com.br\/n2\/?attachment_id=14866\" class=\"wp-image-14866\"\/><\/figure><\/li><\/ul><\/figure>\n","protected":false},"excerpt":{"rendered":"<p>S\u00edtio na Estrada da Moralogia, em Mogi das Cruzes, vai abrigar a planta\u00e7\u00e3o; membros da&#8230;<\/p>\n","protected":false},"author":1,"featured_media":14867,"comment_status":"open","ping_status":"open","sticky":false,"template":"","format":"standard","meta":{"footnotes":""},"categories":[46],"tags":[],"featured_image_urls":{"full":"","thumbnail":"","medium":"","medium_large":"","large":"","1536x1536":"","2048x2048":"","newsever-slider-full":"","newsever-featured":"","newsever-medium":""},"author_info":{"display_name":"Reda\u00e7\u00e3o","author_link":"https:\/\/novosaopaulo.com.br\/n1\/author\/g5poa\/"},"category_info":"<a href=\"https:\/\/novosaopaulo.com.br\/n1\/category\/sem-categoria\/\" rel=\"category tag\">Sem categoria<\/a>","tag_info":"Sem categoria","comment_count":"0","_links":{"self":[{"href":"https:\/\/novosaopaulo.com.br\/n1\/wp-json\/wp\/v2\/posts\/14864"}],"collection":[{"href":"https:\/\/novosaopaulo.com.br\/n1\/wp-json\/wp\/v2\/posts"}],"about":[{"href":"https:\/\/novosaopaulo.com.br\/n1\/wp-json\/wp\/v2\/types\/post"}],"author":[{"embeddable":true,"href":"https:\/\/novosaopaulo.com.br\/n1\/wp-json\/wp\/v2\/users\/1"}],"replies":[{"embeddable":true,"href":"https:\/\/novosaopaulo.com.br\/n1\/wp-json\/wp\/v2\/comments?post=14864"}],"version-history":[{"count":0,"href":"https:\/\/novosaopaulo.com.br\/n1\/wp-json\/wp\/v2\/posts\/14864\/revisions"}],"wp:featuredmedia":[{"embeddable":true,"href":"https:\/\/novosaopaulo.com.br\/n1\/wp-json\/"}],"wp:attachment":[{"href":"https:\/\/novosaopaulo.com.br\/n1\/wp-json\/wp\/v2\/media?parent=14864"}],"wp:term":[{"taxonomy":"category","embeddable":true,"href":"https:\/\/novosaopaulo.com.br\/n1\/wp-json\/wp\/v2\/categories?post=14864"},{"taxonomy":"post_tag","embeddable":true,"href":"https:\/\/novosaopaulo.com.br\/n1\/wp-json\/wp\/v2\/tags?post=14864"}],"curies":[{"name":"wp","href":"https:\/\/api.w.org\/{rel}","templated":true}]}}