{"id":14859,"date":"2023-09-23T18:14:08","date_gmt":"2023-09-23T21:14:08","guid":{"rendered":"https:\/\/novosaopaulo.com.br\/n2\/?p=14859"},"modified":"2023-09-23T18:14:08","modified_gmt":"2023-09-23T21:14:08","slug":"turismo-de-sp-vai-neutralizar-emissoes-de-gases-de-efeito-estufa","status":"publish","type":"post","link":"https:\/\/novosaopaulo.com.br\/n1\/turismo-de-sp-vai-neutralizar-emissoes-de-gases-de-efeito-estufa\/","title":{"rendered":"Turismo de SP vai neutralizar emiss\u00f5es de gases de efeito estufa"},"content":{"rendered":"\n<p>Plantio de 228 \u00e1rvores vai compensar o carbono emitido no primeiro semestre deste ano pela pasta<\/p>\n\n\n\n<p>A Secretaria de Turismo e Viagens de S\u00e3o Paulo (Setur-SP) assinou um acordo com o Instituto Brasileiro de Defesa da Natureza (IBDN) para neutralizar sua pegada ecol\u00f3gica. O plantio de 228 \u00e1rvores nativas da Mata Atl\u00e2ntica no Parque Ecol\u00f3gico do Tiet\u00ea, localizado na zona leste de S\u00e3o Paulo, vai compensar as emiss\u00f5es de 37 mil toneladas de carbono relacionadas ao primeiro semestre.<\/p>\n\n\n\n<p>A a\u00e7\u00e3o est\u00e1 alinhada com as metas assumidas pelo Brasil no Pacto Global da ONU e com a pauta da sustentabilidade assumida pelo governo Tarc\u00edsio de Freitas. O secret\u00e1rio Roberto de Lucena, titular da pasta, fez o plantio simb\u00f3lico da primeira muda de cedro em S\u00e3o Paulo.<\/p>\n\n\n\n<p>\u201cO turismo \u00e9 uma ind\u00fastria limpa e tem no meio ambiente preservado um dos seus principais ativos\u201d, afirmou o secret\u00e1rio. O turismo de natureza ou ecoturismo, como \u00e9 conhecido, \u00e9 a motiva\u00e7\u00e3o de uma em cada quatro viagens no Brasil, de acordo com o Boletim do Turismo Dom\u00e9stico Brasileiro, do Minist\u00e9rio do Turismo em parceria com o Instituto Brasileiro de Geografia e Estat\u00edsticas (IBGE). \u00c9 tamb\u00e9m o segmento que mais cresce no pa\u00eds, cerca de 25% ao ano, segundo a Associa\u00e7\u00e3o Brasileira das Empresas de Turismo de Aventura (ABETA).<\/p>\n\n\n\n<p>\u201cA compensa\u00e7\u00e3o de carbono vai na dire\u00e7\u00e3o dos compromissos assumidos com o Brasil de redu\u00e7\u00e3o de gases de efeito estufa. O governador Tarc\u00edsio de Freitas tem a preocupa\u00e7\u00e3o de que o Estado de SP lidere esse processo \u2013 e j\u00e1 tem realizado um bel\u00edssimo papel atrav\u00e9s da Secretaria de Meio Ambiente, Infraestrutura e Log\u00edstica. A Setur est\u00e1 feliz e honrada em poder cooperar com esse movimento, trabalhando boas pr\u00e1ticas de sustentabilidade\u201d, afirmou.<\/p>\n\n\n\n<p>O tema vem sendo alvo de uma s\u00e9rie de a\u00e7\u00f5es da Setur-SP, como a certifica\u00e7\u00e3o internacional de empresas que atuam no estado com o turismo de natureza e aventura em mais de 200 munic\u00edpios paulistas.<\/p>\n\n\n\n<p>Foram consideradas nesse primeiro momento as emiss\u00f5es de carbono referentes \u00e0 queima do combust\u00edvel f\u00f3ssil, consumo de energia el\u00e9trica e produ\u00e7\u00e3o de res\u00edduos. Ao final do ano, ser\u00e3o consideradas tamb\u00e9m as participa\u00e7\u00f5es da Setur-SP em feiras nacionais e internacionais.<\/p>\n\n\n\n<p>A neutraliza\u00e7\u00e3o ou sequestro de carbono \u00e9 uma das alternativas criadas para mitigar os impactos causados ao meio ambiente pelo excesso de emiss\u00e3o de Gases do Efeito Estufa (GEE), ocasionado pelas atividades humanas. \u201cO secret\u00e1rio Roberto de Lucena foi o primeiro a manifestar interesse para participar da a\u00e7\u00e3o\u201d, afirmou Rog\u00e9rio I\u00f3rio, fundador e presidente Nacional do IBDN.<\/p>\n\n\n\n<p>Comit\u00ea de Sustentabilidade<\/p>\n\n\n\n<p>No dia 20 de julho de 2023, a Setur criou o Comit\u00ea de Sustentabilidade e Carbono Zero, com a finalidade de identificar e aplicar pr\u00e1ticas de sustentabilidade pelos servidores e prestadores de servi\u00e7o no ambiente de trabalho, tais como reduzir o consumo de papel e pl\u00e1stico; criar mecanismos para economia de \u00e1gua e energia el\u00e9trica; conscientizar sobre o uso de recicl\u00e1veis; promover a coleta seletiva de lixo e identificar pontos de descarte de lixo eletr\u00f4nico.<\/p>\n","protected":false},"excerpt":{"rendered":"<p>Plantio de 228 \u00e1rvores vai compensar o carbono emitido no primeiro semestre deste ano pela&#8230;<\/p>\n","protected":false},"author":1,"featured_media":14862,"comment_status":"open","ping_status":"open","sticky":false,"template":"","format":"standard","meta":{"footnotes":""},"categories":[9],"tags":[],"featured_image_urls":{"full":"","thumbnail":"","medium":"","medium_large":"","large":"","1536x1536":"","2048x2048":"","newsever-slider-full":"","newsever-featured":"","newsever-medium":""},"author_info":{"display_name":"Reda\u00e7\u00e3o","author_link":"https:\/\/novosaopaulo.com.br\/n1\/author\/g5poa\/"},"category_info":"<a href=\"https:\/\/novosaopaulo.com.br\/n1\/category\/geral\/\" rel=\"category tag\">Geral<\/a>","tag_info":"Geral","comment_count":"0","_links":{"self":[{"href":"https:\/\/novosaopaulo.com.br\/n1\/wp-json\/wp\/v2\/posts\/14859"}],"collection":[{"href":"https:\/\/novosaopaulo.com.br\/n1\/wp-json\/wp\/v2\/posts"}],"about":[{"href":"https:\/\/novosaopaulo.com.br\/n1\/wp-json\/wp\/v2\/types\/post"}],"author":[{"embeddable":true,"href":"https:\/\/novosaopaulo.com.br\/n1\/wp-json\/wp\/v2\/users\/1"}],"replies":[{"embeddable":true,"href":"https:\/\/novosaopaulo.com.br\/n1\/wp-json\/wp\/v2\/comments?post=14859"}],"version-history":[{"count":0,"href":"https:\/\/novosaopaulo.com.br\/n1\/wp-json\/wp\/v2\/posts\/14859\/revisions"}],"wp:featuredmedia":[{"embeddable":true,"href":"https:\/\/novosaopaulo.com.br\/n1\/wp-json\/"}],"wp:attachment":[{"href":"https:\/\/novosaopaulo.com.br\/n1\/wp-json\/wp\/v2\/media?parent=14859"}],"wp:term":[{"taxonomy":"category","embeddable":true,"href":"https:\/\/novosaopaulo.com.br\/n1\/wp-json\/wp\/v2\/categories?post=14859"},{"taxonomy":"post_tag","embeddable":true,"href":"https:\/\/novosaopaulo.com.br\/n1\/wp-json\/wp\/v2\/tags?post=14859"}],"curies":[{"name":"wp","href":"https:\/\/api.w.org\/{rel}","templated":true}]}}