{"id":14850,"date":"2023-09-23T18:07:03","date_gmt":"2023-09-23T21:07:03","guid":{"rendered":"https:\/\/novosaopaulo.com.br\/n2\/?p=14850"},"modified":"2023-09-23T18:07:03","modified_gmt":"2023-09-23T21:07:03","slug":"o-som-do-silencio","status":"publish","type":"post","link":"https:\/\/novosaopaulo.com.br\/n1\/o-som-do-silencio\/","title":{"rendered":"O Som do Sil\u00eancio"},"content":{"rendered":"\n<p>Observando o que ocorre em Po\u00e1, nota-se que o povo se tornou ap\u00e1tico em rela\u00e7\u00e3o \u00e0 vida pol\u00edtica e n\u00e3o liga pra mais nada. Coisas muito erradas est\u00e3o acontecendo sem que ningu\u00e9m reclame ou critique. Nem adianta, n\u00e3o vai dar em nada \u00e9 o que mais se ouve.<br \/>Em Po\u00e1, o povo perdeu o interesse em acompanhar mat\u00e9rias importantes discutidas na C\u00e2mara Municipal que mexem com seu pr\u00f3prio destino. O plen\u00e1rio fica vazio, sem a press\u00e3o e o calor das pessoas que poderiam influenciar nos debates e decis\u00f5es pol\u00edticas. Assim tudo fica \u00e0s mil maravilhas para os pol\u00edticos e se perde o sentido de fazer valer o desejo da maioria.<br \/>Pautas importantes como Plano Diretor, aumento de impostos, diminui\u00e7\u00e3o do n\u00famero de vereadores, ilumina\u00e7\u00e3o p\u00fablica est\u00e3o acontecendo sem participa\u00e7\u00e3o popular, o que s\u00f3 prejudica a cidade.<br \/>Como exemplo, a Avenida 9 de Julho, o corredor comercial mais importante da cidade, estava na penumbra. A ilumina\u00e7\u00e3o foi trocada por l\u00e2mpadas de LED e continua na penumbra. Antes, cada poste tinha duas lumin\u00e1rias, agora s\u00f3 tem uma, a troca n\u00e3o deu certo e n\u00e3o se ouve o protesto popular.<br \/>O Centro da cidade est\u00e1 cada vez mais abandonado, cheio de noias, mendigos e ladr\u00f5es, com o com\u00e9rcio fechando. Escolas e postos de sa\u00fade atendem com precariedade e as pessoas parecem que se acostumaram com coisas erradas e mal feitas.<br \/>Ou a popula\u00e7\u00e3o come\u00e7a a participar da vida da cidade ou tudo que for decidido s\u00f3 por alguns se voltar\u00e1 contra todos. O sil\u00eancio autoriza e os pol\u00edticos est\u00e3o adorando o som do sil\u00eancio.<\/p>\n","protected":false},"excerpt":{"rendered":"<p>Observando o que ocorre em Po\u00e1, nota-se que o povo se tornou ap\u00e1tico em rela\u00e7\u00e3o&#8230;<\/p>\n","protected":false},"author":1,"featured_media":14851,"comment_status":"open","ping_status":"open","sticky":false,"template":"","format":"standard","meta":{"footnotes":""},"categories":[34,8],"tags":[],"featured_image_urls":{"full":"","thumbnail":"","medium":"","medium_large":"","large":"","1536x1536":"","2048x2048":"","newsever-slider-full":"","newsever-featured":"","newsever-medium":""},"author_info":{"display_name":"Reda\u00e7\u00e3o","author_link":"https:\/\/novosaopaulo.com.br\/n1\/author\/g5poa\/"},"category_info":"<a href=\"https:\/\/novosaopaulo.com.br\/n1\/category\/alto-tiete\/\" rel=\"category tag\">Alto Tiet\u00ea<\/a> <a href=\"https:\/\/novosaopaulo.com.br\/n1\/category\/poa\/\" rel=\"category tag\">Po\u00e1<\/a>","tag_info":"Po\u00e1","comment_count":"0","_links":{"self":[{"href":"https:\/\/novosaopaulo.com.br\/n1\/wp-json\/wp\/v2\/posts\/14850"}],"collection":[{"href":"https:\/\/novosaopaulo.com.br\/n1\/wp-json\/wp\/v2\/posts"}],"about":[{"href":"https:\/\/novosaopaulo.com.br\/n1\/wp-json\/wp\/v2\/types\/post"}],"author":[{"embeddable":true,"href":"https:\/\/novosaopaulo.com.br\/n1\/wp-json\/wp\/v2\/users\/1"}],"replies":[{"embeddable":true,"href":"https:\/\/novosaopaulo.com.br\/n1\/wp-json\/wp\/v2\/comments?post=14850"}],"version-history":[{"count":0,"href":"https:\/\/novosaopaulo.com.br\/n1\/wp-json\/wp\/v2\/posts\/14850\/revisions"}],"wp:featuredmedia":[{"embeddable":true,"href":"https:\/\/novosaopaulo.com.br\/n1\/wp-json\/"}],"wp:attachment":[{"href":"https:\/\/novosaopaulo.com.br\/n1\/wp-json\/wp\/v2\/media?parent=14850"}],"wp:term":[{"taxonomy":"category","embeddable":true,"href":"https:\/\/novosaopaulo.com.br\/n1\/wp-json\/wp\/v2\/categories?post=14850"},{"taxonomy":"post_tag","embeddable":true,"href":"https:\/\/novosaopaulo.com.br\/n1\/wp-json\/wp\/v2\/tags?post=14850"}],"curies":[{"name":"wp","href":"https:\/\/api.w.org\/{rel}","templated":true}]}}