{"id":14834,"date":"2023-09-21T17:44:02","date_gmt":"2023-09-21T20:44:02","guid":{"rendered":"https:\/\/novosaopaulo.com.br\/n2\/?p=14834"},"modified":"2023-09-21T17:44:02","modified_gmt":"2023-09-21T20:44:02","slug":"rafa-zimbaldi-quer-uso-de-cordao-com-desenho-de-girassois-para-identificar-pessoas-com-deficiencias-ocultas","status":"publish","type":"post","link":"https:\/\/novosaopaulo.com.br\/n1\/rafa-zimbaldi-quer-uso-de-cordao-com-desenho-de-girassois-para-identificar-pessoas-com-deficiencias-ocultas\/","title":{"rendered":"Rafa Zimbaldi quer uso de cord\u00e3o com desenho de girass\u00f3is para identificar pessoas com defici\u00eancias ocultas"},"content":{"rendered":"\n<p>Proposta do parlamentar do Cidadania-SP garante o direito das pessoas com surdez, parkinson e insufici\u00eancia card\u00edaca e pulmonar a utilizarem, de forma priorit\u00e1ria, espa\u00e7os p\u00fablicos e privados; mat\u00e9ria ser\u00e1 apreciada pelas Comiss\u00f5es da Alesp, dentro dos pr\u00f3ximos dias<\/p>\n\n\n\n<p>O deputado estadual Rafa Zimbaldi (Cidadania-SP) quer que o Estado insira um cord\u00e3o de fita com ilustra\u00e7\u00e3o de girass\u00f3is em placas de atendimento priorit\u00e1rio de locais p\u00fablicos e privados. O desenho \u00e9 s\u00edmbolo nacional de identifica\u00e7\u00e3o de pessoas com defici\u00eancias ocultas. O projeto de lei 1.346\/2023, que trata da iniciativa, foi protocolada h\u00e1 poucas horas pelo parlamentar e deve ser apreciada pelas Comiss\u00f5es da Assembleia Legislativa do Estado de S\u00e3o Paulo (Alesp), dentro dos pr\u00f3ximos dias.<\/p>\n\n\n\n<p>A proposta de Rafa fortalece em territ\u00f3rio bandeirante o que j\u00e1 determina a lei federal 14.624\/2023 (Estatuto da Pessoa com Defici\u00eancia) &#8211; oriunda de um projeto substitutivo de autoria do deputado federal Alex Manente (Cidadania-SP). A expectativa \u00e9 que, ap\u00f3s aprova\u00e7\u00e3o nas Comiss\u00f5es da Alesp, o texto seja votado em Plen\u00e1rio.<\/p>\n\n\n\n<p>Na pr\u00e1tica, com a lei estadual em vigor, os direitos das pessoas com defici\u00eancia oculta estar\u00e3o ainda mais garantidos em S\u00e3o Paulo, beneficiando quem tem parkinson, autismo, surdez, insufici\u00eancia pulmonar e card\u00edaca e defici\u00eancias cognitivas graves. Por outro lado, Rafa explica que, o acess\u00f3rio que permitir\u00e1 os acessos n\u00e3o vai substituir a apresenta\u00e7\u00e3o de documento comprobat\u00f3rio de defici\u00eancia, quando solicitado:<\/p>\n\n\n\n<p>\u201cEste projeto de lei \u00e9 fundamental para o estado de S\u00e3o Paulo, principalmente no transporte p\u00fablico, para que haja maior democratiza\u00e7\u00e3o dos assentos preferenciais, que j\u00e1 s\u00e3o destinados a pessoas com autismo, deficientes f\u00edsicos e obesos, por exemplo. Nossa inten\u00e7\u00e3o \u00e9 que locais p\u00fablicos e privados tenham n\u00e3o s\u00f3 a nova identifica\u00e7\u00e3o com os girass\u00f3is, mas, tamb\u00e9m, uma cultura de entendimento dessas doen\u00e7as ocultas, que dificultam o dia a dia de milhares de pessoas em in\u00fameros ambientes da sociedade\u201d, argumenta o deputado.<\/p>\n\n\n\n<p>O cord\u00e3o com desenhos de girass\u00f3is j\u00e1 \u00e9 usado como s\u00edmbolo para defici\u00eancias ocultas em v\u00e1rios pa\u00edses do mundo e em alguns munic\u00edpios brasileiros, segundo explica Rafa:<\/p>\n\n\n\n<p>\u201cO parkinson, a surdez e as insufici\u00eancias card\u00edaca e pulmonar s\u00e3o exemplos de defici\u00eancias ocultas que podem n\u00e3o ser percebidas de imediato, mas exigem aten\u00e7\u00e3o e suporte espec\u00edfico. Por conta dessa complexidade e urg\u00eancia, \u00e9 que estou propondo este projeto de lei, para que, aqueles que tenham essas defici\u00eancias, sejam melhor atendidos em ambientes p\u00fablicos e privados\u201d.<\/p>\n\n\n\n<p>O parlamentar reitera que \u00e9 necess\u00e1rio chamar a aten\u00e7\u00e3o de toda a sociedade para as defici\u00eancias ocultas, uma vez que s\u00e3o pouco faladas e\/ou discutidas:<\/p>\n\n\n\n<p>\u201cNossa miss\u00e3o \u00e9 facilitar o acesso de pessoas com defici\u00eancia a pol\u00edticas p\u00fablicas, oferecendo uma aten\u00e7\u00e3o especial, bem como atendimento humanizado e priorit\u00e1rio\u201d, defende Rafa.<\/p>\n","protected":false},"excerpt":{"rendered":"<p>Proposta do parlamentar do Cidadania-SP garante o direito das pessoas com surdez, parkinson e insufici\u00eancia&#8230;<\/p>\n","protected":false},"author":1,"featured_media":14835,"comment_status":"open","ping_status":"open","sticky":false,"template":"","format":"standard","meta":{"footnotes":""},"categories":[9,43],"tags":[],"featured_image_urls":{"full":"","thumbnail":"","medium":"","medium_large":"","large":"","1536x1536":"","2048x2048":"","newsever-slider-full":"","newsever-featured":"","newsever-medium":""},"author_info":{"display_name":"Reda\u00e7\u00e3o","author_link":"https:\/\/novosaopaulo.com.br\/n1\/author\/g5poa\/"},"category_info":"<a href=\"https:\/\/novosaopaulo.com.br\/n1\/category\/geral\/\" rel=\"category tag\">Geral<\/a> <a href=\"https:\/\/novosaopaulo.com.br\/n1\/category\/saude\/\" rel=\"category tag\">Sa\u00fade<\/a>","tag_info":"Sa\u00fade","comment_count":"0","_links":{"self":[{"href":"https:\/\/novosaopaulo.com.br\/n1\/wp-json\/wp\/v2\/posts\/14834"}],"collection":[{"href":"https:\/\/novosaopaulo.com.br\/n1\/wp-json\/wp\/v2\/posts"}],"about":[{"href":"https:\/\/novosaopaulo.com.br\/n1\/wp-json\/wp\/v2\/types\/post"}],"author":[{"embeddable":true,"href":"https:\/\/novosaopaulo.com.br\/n1\/wp-json\/wp\/v2\/users\/1"}],"replies":[{"embeddable":true,"href":"https:\/\/novosaopaulo.com.br\/n1\/wp-json\/wp\/v2\/comments?post=14834"}],"version-history":[{"count":0,"href":"https:\/\/novosaopaulo.com.br\/n1\/wp-json\/wp\/v2\/posts\/14834\/revisions"}],"wp:featuredmedia":[{"embeddable":true,"href":"https:\/\/novosaopaulo.com.br\/n1\/wp-json\/"}],"wp:attachment":[{"href":"https:\/\/novosaopaulo.com.br\/n1\/wp-json\/wp\/v2\/media?parent=14834"}],"wp:term":[{"taxonomy":"category","embeddable":true,"href":"https:\/\/novosaopaulo.com.br\/n1\/wp-json\/wp\/v2\/categories?post=14834"},{"taxonomy":"post_tag","embeddable":true,"href":"https:\/\/novosaopaulo.com.br\/n1\/wp-json\/wp\/v2\/tags?post=14834"}],"curies":[{"name":"wp","href":"https:\/\/api.w.org\/{rel}","templated":true}]}}