{"id":14831,"date":"2023-09-21T14:06:59","date_gmt":"2023-09-21T17:06:59","guid":{"rendered":"https:\/\/novosaopaulo.com.br\/n2\/?p=14831"},"modified":"2023-09-21T14:06:59","modified_gmt":"2023-09-21T17:06:59","slug":"governador-sanciona-lei-que-cria-programa-saude-da-mulher-paulista","status":"publish","type":"post","link":"https:\/\/novosaopaulo.com.br\/n1\/governador-sanciona-lei-que-cria-programa-saude-da-mulher-paulista\/","title":{"rendered":"Governador sanciona lei que cria programa Sa\u00fade da Mulher Paulista"},"content":{"rendered":"\n<p>Tarc\u00edsio de Freitas formaliza iniciativa que amplia preven\u00e7\u00e3o, tratamento e acolhimento da popula\u00e7\u00e3o feminina; casos de c\u00e2ncer de mama e colo de \u00fatero ter\u00e3o prioridade<\/p>\n\n\n\n<p>O governador Tarc\u00edsio de Freitas sancionou uma nova lei que cria o programa Sa\u00fade da Mulher Paulista, focado no desenvolvimento de a\u00e7\u00f5es e servi\u00e7os preventivos e assistenciais para a popula\u00e7\u00e3o feminina nos 645 munic\u00edpios do estado. A iniciativa da gest\u00e3o estadual prioriza medidas de preven\u00e7\u00e3o, tratamento e controle de c\u00e2ncer de mama e de colo de \u00fatero.<\/p>\n\n\n\n<p>\u201cAssumimos o Governo do Estado em janeiro com o compromisso de ampliar e melhorar as pol\u00edticas p\u00fablicas de prote\u00e7\u00e3o e cuidados para todas as mulheres de S\u00e3o Paulo. S\u00e3o medidas que integram toda a nossa equipe de governo desde o primeiro dia, come\u00e7ando pela cria\u00e7\u00e3o da Secretaria de Pol\u00edticas para a Mulher, as a\u00e7\u00f5es diretas feitas at\u00e9 aqui pela seguran\u00e7a das mulheres e o trabalho conjunto das demais pastas. Agora, o programa Sa\u00fade da Mulher Paulista \u00e9 uma realidade e vai fazer a diferen\u00e7a na qualidade de vida de nossa popula\u00e7\u00e3o feminina\u201d, afirmou Tarc\u00edsio.<\/p>\n\n\n\n<p>A norma entrou em vigor com a publica\u00e7\u00e3o no Di\u00e1rio Oficial do Estado nesta quinta-feira (21), ap\u00f3s aprova\u00e7\u00e3o na Assembleia Legislativa de S\u00e3o Paulo (Alesp) e ainda poder\u00e1 passar por regulamenta\u00e7\u00e3o. A iniciativa ser\u00e1 executada pela Secretaria da Sa\u00fade, em parceria com a Secretaria de Pol\u00edticas para a Mulher.<\/p>\n\n\n\n<p>\u201cA sa\u00fade do estado, que j\u00e1 oferecia os servi\u00e7os e amparo \u00e0s mulheres que a nova lei prop\u00f5e, vai ampliar ainda mais a oferta de exames e atendimentos \u00e0 popula\u00e7\u00e3o e garantir que as necessidades sejam atendidas,\u201d disse o secret\u00e1rio da Sa\u00fade Eleuses Paiva.<\/p>\n\n\n\n<p>A iniciativa vai agregar metas e objetivos como a redu\u00e7\u00e3o da taxa de mortalidade, o aprimoramento de pol\u00edticas p\u00fablicas, a qualifica\u00e7\u00e3o de profissionais para atendimento especializado e a efetiva\u00e7\u00e3o e o aperfei\u00e7oamento dos servi\u00e7os de sa\u00fade oferecidos \u00e0s mulheres.<\/p>\n\n\n\n<p>\u201cEstamos diante de um marco gigantesco para melhorar o acolhimento e ofertar atendimento integral \u00e0s mulheres, com humaniza\u00e7\u00e3o, seguran\u00e7a e qualidade, como todas merecem e precisam\u201d, afirmou a Secret\u00e1ria de Pol\u00edticas para a Mulher Sonaira Fernandes.<\/p>\n\n\n\n<p>Frentes de atua\u00e7\u00e3o<\/p>\n\n\n\n<p>Um dos destaques do Sa\u00fade da Mulher Paulista \u00e9 a prioridade para o desenvolvimento de estrat\u00e9gias intersecretariais de preven\u00e7\u00e3o, detec\u00e7\u00e3o, tratamento e controle do c\u00e2ncer de mama e de colo de \u00fatero. As a\u00e7\u00f5es incluem busca ativa pelas redes de prote\u00e7\u00e3o social, aten\u00e7\u00e3o prim\u00e1ria, portadoras de defici\u00eancia e\/ou com dificuldade de acesso a estes servi\u00e7os.<\/p>\n\n\n\n<p>No eixo preventivo, est\u00e1 prevista a evolu\u00e7\u00e3o de a\u00e7\u00f5es relacionadas aos exames ginecol\u00f3gicos de rotina, como papanicolau e mamografia. Especificamente no caso do exame de mama, a nova lei tamb\u00e9m prev\u00ea prioridade para mulheres na faixa de 40 a 70 anos com hist\u00f3rico familiar de c\u00e2ncer mam\u00e1rio e\/ou n\u00f3dulos, ou que estejam em tratamento para a doen\u00e7a, al\u00e9m daquelas que precisem de avalia\u00e7\u00f5es peri\u00f3dicas ou diagn\u00f3stico de urg\u00eancia mediante prescri\u00e7\u00e3o m\u00e9dica.<\/p>\n\n\n\n<p>\u201cAs estimativas do Instituto Nacional de C\u00e2ncer deste ano at\u00e9 2025 indicam que, a cada 100 mil mulheres do estado de S\u00e3o Paulo, mais de 84 dever\u00e3o ter c\u00e2ncer de mama, que \u00e9 o segundo tipo mais comum no Brasil. Tr\u00eas a cada dez casos oncol\u00f3gicos entre mulheres s\u00e3o mam\u00e1rios, o que refor\u00e7a a import\u00e2ncia dessa aten\u00e7\u00e3o especial para prevenir e tratar adequadamente nossas pacientes\u201d, acrescentou Sonaira.<\/p>\n\n\n\n<p>O programa tamb\u00e9m engloba a assist\u00eancia obst\u00e9trica e neonatal de forma integral, desde o pr\u00e9-natal at\u00e9 o p\u00f3s-parto. Al\u00e9m disso, tamb\u00e9m vai ampliar a preven\u00e7\u00e3o e o tratamento de doen\u00e7as cr\u00f4nicas como diabetes, hipertens\u00e3o e problemas cardiovasculares.<\/p>\n\n\n\n<p>As medidas v\u00e3o mobilizar equipamentos p\u00fablicos como Unidades B\u00e1sicas de Sa\u00fade, Centros M\u00e9dicos de Especialidades e Hospitais da Mulher, al\u00e9m das equipes cl\u00ednicas \u2013 especialmente m\u00e9dicos das \u00e1reas essenciais para o p\u00fablico feminino como ginecologistas, mastologistas, oncologistas, cardiologistas, endocrinologistas e cl\u00ednicos gerais.<\/p>\n\n\n\n<p>Para efetiva\u00e7\u00e3o do Sa\u00fade da Mulher Paulista, o Governo do Estado poder\u00e1 firmar conv\u00eanios, parcerias e congregar iniciativas complementares futuras ou previamente existentes, como os programas de Cirurgia Pl\u00e1stica Reconstrutiva da Mama; de Orienta\u00e7\u00e3o em Sa\u00fade e Atendimento Social; de Sa\u00fade da Mulher Detenta; e Rede de Prote\u00e7\u00e3o \u00e0 M\u00e3e Paulista, respeitando as defini\u00e7\u00f5es da Lei n\u00ba 17.431, de 2021, que consolida as a\u00e7\u00f5es de prote\u00e7\u00e3o e defesa da mulher em S\u00e3o Paulo.<\/p>\n","protected":false},"excerpt":{"rendered":"<p>Tarc\u00edsio de Freitas formaliza iniciativa que amplia preven\u00e7\u00e3o, tratamento e acolhimento da popula\u00e7\u00e3o feminina; casos&#8230;<\/p>\n","protected":false},"author":1,"featured_media":14832,"comment_status":"open","ping_status":"open","sticky":false,"template":"","format":"standard","meta":{"footnotes":""},"categories":[34],"tags":[],"featured_image_urls":{"full":"","thumbnail":"","medium":"","medium_large":"","large":"","1536x1536":"","2048x2048":"","newsever-slider-full":"","newsever-featured":"","newsever-medium":""},"author_info":{"display_name":"Reda\u00e7\u00e3o","author_link":"https:\/\/novosaopaulo.com.br\/n1\/author\/g5poa\/"},"category_info":"<a href=\"https:\/\/novosaopaulo.com.br\/n1\/category\/alto-tiete\/\" rel=\"category tag\">Alto Tiet\u00ea<\/a>","tag_info":"Alto Tiet\u00ea","comment_count":"0","_links":{"self":[{"href":"https:\/\/novosaopaulo.com.br\/n1\/wp-json\/wp\/v2\/posts\/14831"}],"collection":[{"href":"https:\/\/novosaopaulo.com.br\/n1\/wp-json\/wp\/v2\/posts"}],"about":[{"href":"https:\/\/novosaopaulo.com.br\/n1\/wp-json\/wp\/v2\/types\/post"}],"author":[{"embeddable":true,"href":"https:\/\/novosaopaulo.com.br\/n1\/wp-json\/wp\/v2\/users\/1"}],"replies":[{"embeddable":true,"href":"https:\/\/novosaopaulo.com.br\/n1\/wp-json\/wp\/v2\/comments?post=14831"}],"version-history":[{"count":0,"href":"https:\/\/novosaopaulo.com.br\/n1\/wp-json\/wp\/v2\/posts\/14831\/revisions"}],"wp:featuredmedia":[{"embeddable":true,"href":"https:\/\/novosaopaulo.com.br\/n1\/wp-json\/"}],"wp:attachment":[{"href":"https:\/\/novosaopaulo.com.br\/n1\/wp-json\/wp\/v2\/media?parent=14831"}],"wp:term":[{"taxonomy":"category","embeddable":true,"href":"https:\/\/novosaopaulo.com.br\/n1\/wp-json\/wp\/v2\/categories?post=14831"},{"taxonomy":"post_tag","embeddable":true,"href":"https:\/\/novosaopaulo.com.br\/n1\/wp-json\/wp\/v2\/tags?post=14831"}],"curies":[{"name":"wp","href":"https:\/\/api.w.org\/{rel}","templated":true}]}}