{"id":14828,"date":"2023-09-21T14:05:00","date_gmt":"2023-09-21T17:05:00","guid":{"rendered":"https:\/\/novosaopaulo.com.br\/n2\/?p=14828"},"modified":"2023-09-21T14:05:00","modified_gmt":"2023-09-21T17:05:00","slug":"dia-nacional-de-luta-da-pessoa-com-deficiencia-o-direito-de-estar-e-fazer-o-que-quiser-como-qualquer-outra-pessoa","status":"publish","type":"post","link":"https:\/\/novosaopaulo.com.br\/n1\/dia-nacional-de-luta-da-pessoa-com-deficiencia-o-direito-de-estar-e-fazer-o-que-quiser-como-qualquer-outra-pessoa\/","title":{"rendered":"Dia Nacional de Luta da Pessoa com Defici\u00eancia: o direito de estar e fazer o que quiser como qualquer outra pessoa"},"content":{"rendered":"\n<p>O dia 21 de setembro marca a constru\u00e7\u00e3o de mobiliza\u00e7\u00f5es para a inclus\u00e3o social de PCDs, conscientiza\u00e7\u00e3o da luta anti-capacitista e celebra\u00e7\u00e3o destes movimentos. Esse dia foi institu\u00eddo para lembrar de como \u00e9 importante lutar contra os olhares de preconceito das pessoas. Temas como inclus\u00e3o e preconceito sempre est\u00e3o presentes na vida de um PCD e muito mais do que romper as barreiras da discrimina\u00e7\u00e3o, \u00e9 preciso representatividade nas mais variadas situa\u00e7\u00f5es.<\/p>\n\n\n\n<p>Priscilla Souza, psic\u00f3loga e PCD, comentou sobre como s\u00e3o as viv\u00eancias de uma pessoa em cadeira de rodas e a import\u00e2ncia da mem\u00f3ria dessa data, bem como a luta. \u201cO tempo todo as pessoas te olham com piedade e recrimina\u00e7\u00e3o. \u201cOh, coitada!\u201d, \u201cIsso devia ficar em casa!\u201d, \u201cNossa, como ela pode estar acompanhada por algu\u00e9m t\u00e3o bonito?\u201d &#8211; Priscilla comentou que essas s\u00e3o algumas das frases que, quando n\u00e3o verbalizadas, traduzem-se nos olhares.<\/p>\n\n\n\n<p>\u201cA sociedade como um todo precisa aprender que uma cadeira de rodas \u00e9, simplesmente, mais um meio de transporte, uma forma de locomo\u00e7\u00e3o e n\u00e3o significa doen\u00e7a, fragilidade, incompet\u00eancia ou vergonha.\u201d &#8211; conclui a psic\u00f3loga. Por isso, al\u00e9m da celebra\u00e7\u00e3o no Dia Nacional de Luta da Pessoa com Defici\u00eancia &#8211; o qual, apesar de ter sido oficializado em 2005, teve um hist\u00f3rico de reivindica\u00e7\u00e3o desde 1982, com o Movimento pelos Direitos das Pessoas com Defici\u00eancia (MDPD) &#8211; \u00e9 importante a representatividade em clubes, vitrines, meios de comunica\u00e7\u00e3o, redes sociais, ambientes corporativos, reality shows, novelas, campanhas publicit\u00e1rias, entre outros lugares.<\/p>\n\n\n\n<p>Servi\u00e7o: https:\/\/www.instagram.com\/priscillasouzapsicologa\/?igshid=NTdlMDg3MTY%3D<br \/>Refer\u00eancias: https:\/\/istoe.com.br\/mulher\/noticia\/podcast-retrogosto-85-priscilla-souza-fala-psicologia-comportamental-e-sexualidade-entre-deficientes-fisicos\/<br \/>https:\/\/revistamarieclaire.globo.com\/retratos\/noticia\/2023\/06\/enfrentei-barreiras-que-permeiam-a-sexualidade-de-pcds-e-vi-que-podia-ajudar-mais-gente-dep.ghtml<\/p>\n","protected":false},"excerpt":{"rendered":"<p>O dia 21 de setembro marca a constru\u00e7\u00e3o de mobiliza\u00e7\u00f5es para a inclus\u00e3o social de&#8230;<\/p>\n","protected":false},"author":1,"featured_media":14829,"comment_status":"open","ping_status":"open","sticky":false,"template":"","format":"standard","meta":{"footnotes":""},"categories":[9],"tags":[],"featured_image_urls":{"full":"","thumbnail":"","medium":"","medium_large":"","large":"","1536x1536":"","2048x2048":"","newsever-slider-full":"","newsever-featured":"","newsever-medium":""},"author_info":{"display_name":"Reda\u00e7\u00e3o","author_link":"https:\/\/novosaopaulo.com.br\/n1\/author\/g5poa\/"},"category_info":"<a href=\"https:\/\/novosaopaulo.com.br\/n1\/category\/geral\/\" rel=\"category tag\">Geral<\/a>","tag_info":"Geral","comment_count":"0","_links":{"self":[{"href":"https:\/\/novosaopaulo.com.br\/n1\/wp-json\/wp\/v2\/posts\/14828"}],"collection":[{"href":"https:\/\/novosaopaulo.com.br\/n1\/wp-json\/wp\/v2\/posts"}],"about":[{"href":"https:\/\/novosaopaulo.com.br\/n1\/wp-json\/wp\/v2\/types\/post"}],"author":[{"embeddable":true,"href":"https:\/\/novosaopaulo.com.br\/n1\/wp-json\/wp\/v2\/users\/1"}],"replies":[{"embeddable":true,"href":"https:\/\/novosaopaulo.com.br\/n1\/wp-json\/wp\/v2\/comments?post=14828"}],"version-history":[{"count":0,"href":"https:\/\/novosaopaulo.com.br\/n1\/wp-json\/wp\/v2\/posts\/14828\/revisions"}],"wp:featuredmedia":[{"embeddable":true,"href":"https:\/\/novosaopaulo.com.br\/n1\/wp-json\/"}],"wp:attachment":[{"href":"https:\/\/novosaopaulo.com.br\/n1\/wp-json\/wp\/v2\/media?parent=14828"}],"wp:term":[{"taxonomy":"category","embeddable":true,"href":"https:\/\/novosaopaulo.com.br\/n1\/wp-json\/wp\/v2\/categories?post=14828"},{"taxonomy":"post_tag","embeddable":true,"href":"https:\/\/novosaopaulo.com.br\/n1\/wp-json\/wp\/v2\/tags?post=14828"}],"curies":[{"name":"wp","href":"https:\/\/api.w.org\/{rel}","templated":true}]}}