{"id":14822,"date":"2023-09-20T15:20:44","date_gmt":"2023-09-20T18:20:44","guid":{"rendered":"https:\/\/novosaopaulo.com.br\/n2\/?p=14822"},"modified":"2023-09-20T15:20:44","modified_gmt":"2023-09-20T18:20:44","slug":"escritor-de-poa-mario-l-cardinale-lanca-livro-de-poesia-tempo-diabo","status":"publish","type":"post","link":"https:\/\/novosaopaulo.com.br\/n1\/escritor-de-poa-mario-l-cardinale-lanca-livro-de-poesia-tempo-diabo\/","title":{"rendered":"Escritor de Po\u00e1 M\u00e1rio L. Cardinale lan\u00e7a livro de poesia \u201cTempo Diabo\u201d"},"content":{"rendered":"\n<p>Pandemia da Covid-19 e ascens\u00e3o da extrema direita se aliam \u00e0 crise da meia idade, \u00e0 depress\u00e3o e milit\u00e2ncia pol\u00edtica em segundo livro de tetralogia po\u00e9tica do autor paulista<\/p>\n\n\n\n<p>\u2018\u2018O diabo matou<br \/>o tempo e agora<br \/>ele anda pra tr\u00e1s.\u2019\u2019<br \/>Trecho do poema \u201cTempo Diabo\u201d<\/p>\n\n\n\n<p>Os \u00faltimos anos trouxeram afobamentos, tens\u00f5es e provocaram certo distanciamento da vida real em boa parte dos brasileiros. Neste per\u00edodo, M\u00e1rio L. Cardinale, poeta poaense da Regi\u00e3o Metropolitana de S\u00e3o Paulo, sentiu a necessidade de dar vida \u00e0 \u201cTempo Diabo\u201d (Editora Pedregulho, 80 p\u00e1g.). Como o t\u00edtulo sugere, o tempo \u00e9 o elemento chave na obra, uma colet\u00e2nea de 40 textos escritos entre outubro de 2018 e dezembro de 2021. Em suas palavras, est\u00e3o pensamentos e temas pertinentes ao momento do Brasil, suas cicatrizes e tens\u00f5es, e tamb\u00e9m as divaga\u00e7\u00f5es do autor sobre sua condi\u00e7\u00e3o e prerrogativa em meio \u00e0 crise.<\/p>\n\n\n\n<p>\u201cTempo Diabo\u201d \u00e9 o segundo livro de uma tetralogia po\u00e9tica. Os poemas nasceram diante do espanto do poeta ao acompanhar o cotidiano p\u00f3s-golpe de 2016 no Brasil. A pris\u00e3o arbitr\u00e1ria do presidente Lula, a chegada da extrema direita ao poder e a pandemia global do coronav\u00edrus s\u00e3o o pano de fundo do livro. Os temas se aliam ao contexto pessoal do escritor: \u00e0 crise da meia idade, \u00e0 depress\u00e3o e milit\u00e2ncia pol\u00edtica nas ruas, nas redes e nos versos. Ao \u201cTempo Diabo\u201d n\u00e3o faltaram chacinas policiais, massacres em escolas, a nova guerra fria, elei\u00e7\u00f5es, corrup\u00e7\u00e3o e aliena\u00e7\u00e3o da massa.<\/p>\n\n\n\n<p>Os assuntos perpassam uma \u00fanica centralidade: a vida e o tempo e a rela\u00e7\u00e3o deles com os espantos vividos pelo poeta. \u201cEscrevo sobre o cotidiano e tudo o que me desperta interesse. Nada \u00e9 t\u00e3o ruim e bom quanto o tempo. Havia uma preocupa\u00e7\u00e3o de registrar o que estava acontecendo ao meu redor nesse per\u00edodo em que o tempo parecia mais lento e ao mesmo tempo mais escasso, na imin\u00eancia de se esgotar.\u201d<\/p>\n\n\n\n<p>Entre um turbilh\u00e3o pol\u00edtico e um diagn\u00f3stico de autismo, um marco po\u00e9tico<\/p>\n\n\n\n<p>Formado em Farm\u00e1cia pela Universidade de Mogi das Cruzes, M\u00e1rio L. Cardinale graduou-se farmac\u00eautico industrial em 2003. Al\u00e9m da literatura, ama m\u00fasica, e toca guitarra, viol\u00e3o e teclado \u2014 \u00e9 f\u00e3 dos Rolling Stones, de Vivaldi, de Gil e de Caetano. O gosto pela escrita acendeu em 2016. Ano hist\u00f3rico para o pa\u00eds, mas tamb\u00e9m um divisor em sua vida. De l\u00e1 pra c\u00e1, tornou-se pai pela segunda vez e passou a se engajar na milit\u00e2ncia pol\u00edtica. \u2018\u2018Foram muitos anos at\u00e9 retomar esse h\u00e1bito e me permitir criar. Fiz um curso de escrita criativa em 2016 que foi fundamental para eu acreditar que eu poderia escrever\u201d, aponta. No final de 2020, publicou seu primeiro livro, \u201cO Mundo do Poeta\u201d. No in\u00edcio de 2023 descobriu ser autista. Atualmente, cursa Psicologia com interesse principalmente nas \u00e1reas do Comportamento e da Psicologia Social.<\/p>\n\n\n\n<p>As influ\u00eancias liter\u00e1rias de M\u00e1rio s\u00e3o po\u00e9ticas e pol\u00edticas. Ele cita grandes nomes da poesia em l\u00edngua portuguesa, como Ferreira Gullar, Fernando Pessoa, Manuel Bandeira, Jo\u00e3o Cabral de Melo Neto, M\u00e1rio Quintana, Manoel de Barros, Augusto dos Anjos, Chacal, Arnaldo Antunes e Ana Cristina Cesar. E tamb\u00e9m dialoga com Jos\u00e9 Saramago, Alu\u00edsio de Azevedo, Lima Barreto, E\u00e7a de Queir\u00f3s, Darcy Ribeiro, Eduardo Galeano, Victor Hugo, Karl Marx, Rosa Luxemburgo, George Orwell e Aldous Huxley.<\/p>\n\n\n\n<p>Diante de todas essas refer\u00eancias, o autor conserva estilo pr\u00f3prio, que ele categoriza como \u201cexperimental\u201d. De palavras cruas, invoca em car\u00e1ter documental o estado policialesco e a arquitetura da destrui\u00e7\u00e3o que ganharam forma no Brasil. Mas tamb\u00e9m conversa sobre poesia e a possibilidade de uma vida mais simples e, de certo modo, otimista em um espa\u00e7o buc\u00f3lico. \u201cA ideia era fazer um livro que fosse um marco po\u00e9tico no desenrolar do tempo hist\u00f3rico do Brasil e do mundo a partir do p\u00f3s-golpe 2016, o turbilh\u00e3o pol\u00edtico e a viol\u00eancia que se instalaram no pa\u00eds e a pandemia global que influenciaram diretamente na minha rotina.\u201d<\/p>\n\n\n\n<p>Algumas linhas t\u00eam pulsante valor documental. Como a homenagem prestada \u00e0 Benedita da Silva, quando \u00e0s v\u00e9speras do Natal em 2018 foi \u00e0s l\u00e1grimas ao comentar seu desejo de cear com o presidente Lula \u2014 naquele momento, preso em Curitiba (PR). Outras, invadem a intimidade do poeta. M\u00e1rio \u00e9 casado h\u00e1 18 anos com a escritora Monique Bonomini a quem atribui incentivo a sua escrita e valiosas contribui\u00e7\u00f5es aos projetos editoriais de seus livros. Em uma pe\u00e7a, o autor ainda presta dedicat\u00f3ria \u00e0 filha Alice.<\/p>\n\n\n\n<p>\u201cTempo Diabo\u201d foi escrito em constante tr\u00e2nsito entre as cidades de Po\u00e1 e S\u00e3o Bento do Sapuca\u00ed. Essa \u00faltima, uma cidade de pouco mais de 11 mil habitantes na Serra da Mantiqueira, serviu como ref\u00fagio para M\u00e1rio, que encontrou ali o ritmo de vida adequado para escrever sobre o que lhe despertava interesse \u00e0 sua volta. O livro \u00e9 dividido em quatro cap\u00edtulos que, mesmo a priori, podem parecer distintos, mas fluem naturalmente \u2013 como o tempo. Tempo, a entidade com quem todo indiv\u00edduo desenvolve uma rela\u00e7\u00e3o e tira suas pr\u00f3prias percep\u00e7\u00f5es.<\/p>\n\n\n\n<p>Confira um trecho do poema \u201cEsp\u00f3lio da Na\u00e7\u00e3o\u201d, que comp\u00f5e \u201cTempo Diabo\u201d:<\/p>\n\n\n\n<p>\u2018\u2018A pedra fundamental<br \/>de um pa\u00eds cruento<br \/>esculpida \u00e0 matan\u00e7a,<br \/>sofrimento.<br \/>Afro-cativo, escraviza\u00e7\u00e3o:<br \/>esp\u00f3lio maldito da na\u00e7\u00e3o.\u2019\u2019<\/p>\n\n\n\n<p>Adquira \u201cTempo Diabo\u201d, de M\u00e1rio L. Cardinale, no site da editora Pedregulho: https:\/\/www.lojapedregulho.com.br\/tempo-diabo<\/p>\n\n\n\n<figure class=\"wp-block-gallery columns-3 is-cropped wp-block-gallery-1 is-layout-flex wp-block-gallery-is-layout-flex\"><ul class=\"blocks-gallery-grid\"><li class=\"blocks-gallery-item\"><figure><img decoding=\"async\" src=\"https:\/\/novosaopaulo.com.br\/n2\/wp-content\/uploads\/2023\/09\/WhatsApp-Image-2023-09-20-at-15.12.07-576x1024.jpeg\" alt=\"\" data-id=\"14823\" data-full-url=\"https:\/\/novosaopaulo.com.br\/n2\/wp-content\/uploads\/2023\/09\/WhatsApp-Image-2023-09-20-at-15.12.07.jpeg\" data-link=\"https:\/\/novosaopaulo.com.br\/n2\/?attachment_id=14823\" class=\"wp-image-14823\"\/><\/figure><\/li><li class=\"blocks-gallery-item\"><figure><img decoding=\"async\" src=\"https:\/\/novosaopaulo.com.br\/n2\/wp-content\/uploads\/2023\/09\/WhatsApp-Image-2023-09-20-at-15.11.47-683x1024.jpeg\" alt=\"\" data-id=\"14824\" data-full-url=\"https:\/\/novosaopaulo.com.br\/n2\/wp-content\/uploads\/2023\/09\/WhatsApp-Image-2023-09-20-at-15.11.47.jpeg\" data-link=\"https:\/\/novosaopaulo.com.br\/n2\/?attachment_id=14824\" class=\"wp-image-14824\"\/><\/figure><\/li><li class=\"blocks-gallery-item\"><figure><img decoding=\"async\" src=\"https:\/\/novosaopaulo.com.br\/n2\/wp-content\/uploads\/2023\/09\/WhatsApp-Image-2023-09-20-at-15.11.24-706x1024.jpeg\" alt=\"\" data-id=\"14825\" data-full-url=\"https:\/\/novosaopaulo.com.br\/n2\/wp-content\/uploads\/2023\/09\/WhatsApp-Image-2023-09-20-at-15.11.24.jpeg\" data-link=\"https:\/\/novosaopaulo.com.br\/n2\/?attachment_id=14825\" class=\"wp-image-14825\"\/><\/figure><\/li><li class=\"blocks-gallery-item\"><figure><img decoding=\"async\" src=\"https:\/\/novosaopaulo.com.br\/n2\/wp-content\/uploads\/2023\/09\/WhatsApp-Image-2023-09-20-at-15.11.04-608x1024.jpeg\" alt=\"\" data-id=\"14826\" data-full-url=\"https:\/\/novosaopaulo.com.br\/n2\/wp-content\/uploads\/2023\/09\/WhatsApp-Image-2023-09-20-at-15.11.04.jpeg\" data-link=\"https:\/\/novosaopaulo.com.br\/n2\/?attachment_id=14826\" class=\"wp-image-14826\"\/><\/figure><\/li><\/ul><\/figure>\n","protected":false},"excerpt":{"rendered":"<p>Pandemia da Covid-19 e ascens\u00e3o da extrema direita se aliam \u00e0 crise da meia idade,&#8230;<\/p>\n","protected":false},"author":1,"featured_media":14825,"comment_status":"open","ping_status":"open","sticky":false,"template":"","format":"standard","meta":{"footnotes":""},"categories":[45,9],"tags":[],"featured_image_urls":{"full":"","thumbnail":"","medium":"","medium_large":"","large":"","1536x1536":"","2048x2048":"","newsever-slider-full":"","newsever-featured":"","newsever-medium":""},"author_info":{"display_name":"Reda\u00e7\u00e3o","author_link":"https:\/\/novosaopaulo.com.br\/n1\/author\/g5poa\/"},"category_info":"<a href=\"https:\/\/novosaopaulo.com.br\/n1\/category\/cultura\/\" rel=\"category tag\">Cultura<\/a> <a href=\"https:\/\/novosaopaulo.com.br\/n1\/category\/geral\/\" rel=\"category tag\">Geral<\/a>","tag_info":"Geral","comment_count":"0","_links":{"self":[{"href":"https:\/\/novosaopaulo.com.br\/n1\/wp-json\/wp\/v2\/posts\/14822"}],"collection":[{"href":"https:\/\/novosaopaulo.com.br\/n1\/wp-json\/wp\/v2\/posts"}],"about":[{"href":"https:\/\/novosaopaulo.com.br\/n1\/wp-json\/wp\/v2\/types\/post"}],"author":[{"embeddable":true,"href":"https:\/\/novosaopaulo.com.br\/n1\/wp-json\/wp\/v2\/users\/1"}],"replies":[{"embeddable":true,"href":"https:\/\/novosaopaulo.com.br\/n1\/wp-json\/wp\/v2\/comments?post=14822"}],"version-history":[{"count":0,"href":"https:\/\/novosaopaulo.com.br\/n1\/wp-json\/wp\/v2\/posts\/14822\/revisions"}],"wp:featuredmedia":[{"embeddable":true,"href":"https:\/\/novosaopaulo.com.br\/n1\/wp-json\/"}],"wp:attachment":[{"href":"https:\/\/novosaopaulo.com.br\/n1\/wp-json\/wp\/v2\/media?parent=14822"}],"wp:term":[{"taxonomy":"category","embeddable":true,"href":"https:\/\/novosaopaulo.com.br\/n1\/wp-json\/wp\/v2\/categories?post=14822"},{"taxonomy":"post_tag","embeddable":true,"href":"https:\/\/novosaopaulo.com.br\/n1\/wp-json\/wp\/v2\/tags?post=14822"}],"curies":[{"name":"wp","href":"https:\/\/api.w.org\/{rel}","templated":true}]}}