{"id":14810,"date":"2023-09-19T13:22:36","date_gmt":"2023-09-19T16:22:36","guid":{"rendered":"https:\/\/novosaopaulo.com.br\/n2\/?p=14810"},"modified":"2023-09-19T13:22:36","modified_gmt":"2023-09-19T16:22:36","slug":"instituto-lea-campos-abre-cadastro-para-mapeamento-da-economia-criativa-em-mogi-das-cruzes","status":"publish","type":"post","link":"https:\/\/novosaopaulo.com.br\/n1\/instituto-lea-campos-abre-cadastro-para-mapeamento-da-economia-criativa-em-mogi-das-cruzes\/","title":{"rendered":"Instituto L\u00e9a Campos abre cadastro para mapeamento da Economia Criativa em Mogi das Cruzes"},"content":{"rendered":"\n<p>Iniciativa faz parte do Programa Somos Criativus do ILC, que visa construir um plano municipal para dar voz \u00e0 popula\u00e7\u00e3o e suas lideran\u00e7as<\/p>\n\n\n\n<p>O Instituto L\u00e9a Campos (ILC) de Mogi das Cruzes vai mapear os neg\u00f3cios da Economia Criativa na Regi\u00e3o do Alto Tiet\u00ea. A partir do dia 22 de setembro, os profissionais criativos podem fazer o seu cadastro no site da institui\u00e7\u00e3o (www.institutoleacampos.org). Ele deve ser feito at\u00e9 fevereiro de 2024.<\/p>\n\n\n\n<p>O presidente do ILC, Rodrigo Fernandez, que tem ao seu lado a diretora, Bianca Ortiz, fala sobre o objetivo do mapeamento, que faz parte do Programa Somos Criativus da institui\u00e7\u00e3o: \u201cEle utiliza a economia criativa como ferramenta para o desenvolvimento social e econ\u00f4mico, por meio do empreendedorismo e da gera\u00e7\u00e3o de renda. O programa \u00e9 a constru\u00e7\u00e3o de um Plano Municipal de Economia Criativa, criado para dar voz \u00e0 popula\u00e7\u00e3o e suas lideran\u00e7as, destacando suas singularidades locais. Vamos mapear e colocar no sistema o processo de empreendedorismo criativo na cidade, para criar e detectar oportunidades, capacitar e fomentar o empreendedor criativo, potencializando a realiza\u00e7\u00e3o econ\u00f4mica, a satisfa\u00e7\u00e3o pessoal e a contribui\u00e7\u00e3o com o desenvolvimento local\u201d.<\/p>\n\n\n\n<p>Por meio deste estudo, diz o presidente, a entidade vai contribuir na constru\u00e7\u00e3o de novas pol\u00edticas p\u00fablicas de desenvolvimento social e econ\u00f4mico. \u201cEste plano dar\u00e1 a dire\u00e7\u00e3o que Mogi das Cruzes dever\u00e1 seguir para entrar no Mapa da Rede Criativa de Cidades Criativas da Unesco em 2025\u201d.<\/p>\n\n\n\n<p>Podem se cadastrar os seguintes profissionais criativos, em atendimento \u00e0s \u00e1reas criativas, baseadas nos eixos da UNESCO: artesanato, gastronomia, arte e cultura, design, m\u00fasica, literatura, turismo, audiovisual, eventos, dentre outras. \u201cNo ato do cadastro, a pessoa ter\u00e1 a op\u00e7\u00e3o de especificar qual outra \u00e1rea ela faz parte, se for o caso\u201d, diz Rodrigo.<\/p>\n\n\n\n<p>Por fim, os dados captados com o mapeamento v\u00e3o passar por uma comiss\u00e3o de an\u00e1lise cient\u00edfica e ser\u00e3o divulgados at\u00e9 o final de 2024 com a publica\u00e7\u00e3o do livro e do document\u00e1rio \u201cO que a gente CRIA movimenta a ECONOMIA\u201d.<\/p>\n\n\n\n<p>Quem somos<br \/>O Instituto L\u00e9a Campos \u00e9 uma organiza\u00e7\u00e3o social, que trabalha com educa\u00e7\u00e3o social voltada para crian\u00e7as e adolescentes em vulnerabilidade social. Nasceu como Projeto Amigos, em 2011, por meio de a\u00e7\u00f5es sociais em prol de idosos, crian\u00e7as e comunidades. Com o passar dos anos, as a\u00e7\u00f5es foram crescendo e o projeto se expandiu tornando-se o ILC, em junho de 2018.<\/p>\n\n\n\n<p>Conhe\u00e7a mais sobre o ILC: https:\/\/institutoleacampos.org\/<\/p>\n","protected":false},"excerpt":{"rendered":"<p>Iniciativa faz parte do Programa Somos Criativus do ILC, que visa construir um plano municipal&#8230;<\/p>\n","protected":false},"author":1,"featured_media":14811,"comment_status":"open","ping_status":"open","sticky":false,"template":"","format":"standard","meta":{"footnotes":""},"categories":[34],"tags":[],"featured_image_urls":{"full":"","thumbnail":"","medium":"","medium_large":"","large":"","1536x1536":"","2048x2048":"","newsever-slider-full":"","newsever-featured":"","newsever-medium":""},"author_info":{"display_name":"Reda\u00e7\u00e3o","author_link":"https:\/\/novosaopaulo.com.br\/n1\/author\/g5poa\/"},"category_info":"<a href=\"https:\/\/novosaopaulo.com.br\/n1\/category\/alto-tiete\/\" rel=\"category tag\">Alto Tiet\u00ea<\/a>","tag_info":"Alto Tiet\u00ea","comment_count":"0","_links":{"self":[{"href":"https:\/\/novosaopaulo.com.br\/n1\/wp-json\/wp\/v2\/posts\/14810"}],"collection":[{"href":"https:\/\/novosaopaulo.com.br\/n1\/wp-json\/wp\/v2\/posts"}],"about":[{"href":"https:\/\/novosaopaulo.com.br\/n1\/wp-json\/wp\/v2\/types\/post"}],"author":[{"embeddable":true,"href":"https:\/\/novosaopaulo.com.br\/n1\/wp-json\/wp\/v2\/users\/1"}],"replies":[{"embeddable":true,"href":"https:\/\/novosaopaulo.com.br\/n1\/wp-json\/wp\/v2\/comments?post=14810"}],"version-history":[{"count":0,"href":"https:\/\/novosaopaulo.com.br\/n1\/wp-json\/wp\/v2\/posts\/14810\/revisions"}],"wp:featuredmedia":[{"embeddable":true,"href":"https:\/\/novosaopaulo.com.br\/n1\/wp-json\/"}],"wp:attachment":[{"href":"https:\/\/novosaopaulo.com.br\/n1\/wp-json\/wp\/v2\/media?parent=14810"}],"wp:term":[{"taxonomy":"category","embeddable":true,"href":"https:\/\/novosaopaulo.com.br\/n1\/wp-json\/wp\/v2\/categories?post=14810"},{"taxonomy":"post_tag","embeddable":true,"href":"https:\/\/novosaopaulo.com.br\/n1\/wp-json\/wp\/v2\/tags?post=14810"}],"curies":[{"name":"wp","href":"https:\/\/api.w.org\/{rel}","templated":true}]}}