{"id":14792,"date":"2023-09-17T16:36:15","date_gmt":"2023-09-17T19:36:15","guid":{"rendered":"https:\/\/novosaopaulo.com.br\/n2\/?p=14792"},"modified":"2023-09-17T16:36:15","modified_gmt":"2023-09-17T19:36:15","slug":"alteracao-em-linha-de-onibus-em-poa","status":"publish","type":"post","link":"https:\/\/novosaopaulo.com.br\/n1\/alteracao-em-linha-de-onibus-em-poa\/","title":{"rendered":"Altera\u00e7\u00e3o em linha de \u00f4nibus em Po\u00e1"},"content":{"rendered":"\n<p>A EMTU \u2013 Empresa Metropolitana de Transportes Urbanos \u2013 alterou o hor\u00e1rio de funcionamento de cinco linhas de \u00f4nibus na Grande S\u00e3o Paulo e uma delas \u00e9 em Po\u00e1.<br \/>\u00c9 a linha 315, que liga o Terminal Rodovi\u00e1rio Ayrton Senna, em Po\u00e1, \u00e0 esta\u00e7\u00e3o da CPTM Jardim Romano, em S\u00e3o Paulo, a qual ter\u00e1 mais quatro partidas nos dias \u00fateis. A altera\u00e7\u00e3o \u00e9 v\u00e1lida a partir desta segunda, 18 de setembro.<\/p>\n","protected":false},"excerpt":{"rendered":"<p>A EMTU \u2013 Empresa Metropolitana de Transportes Urbanos \u2013 alterou o hor\u00e1rio de funcionamento de&#8230;<\/p>\n","protected":false},"author":1,"featured_media":14793,"comment_status":"open","ping_status":"open","sticky":false,"template":"","format":"standard","meta":{"footnotes":""},"categories":[34,8],"tags":[],"featured_image_urls":{"full":"","thumbnail":"","medium":"","medium_large":"","large":"","1536x1536":"","2048x2048":"","newsever-slider-full":"","newsever-featured":"","newsever-medium":""},"author_info":{"display_name":"Reda\u00e7\u00e3o","author_link":"https:\/\/novosaopaulo.com.br\/n1\/author\/g5poa\/"},"category_info":"<a href=\"https:\/\/novosaopaulo.com.br\/n1\/category\/alto-tiete\/\" rel=\"category tag\">Alto Tiet\u00ea<\/a> <a href=\"https:\/\/novosaopaulo.com.br\/n1\/category\/poa\/\" rel=\"category tag\">Po\u00e1<\/a>","tag_info":"Po\u00e1","comment_count":"0","_links":{"self":[{"href":"https:\/\/novosaopaulo.com.br\/n1\/wp-json\/wp\/v2\/posts\/14792"}],"collection":[{"href":"https:\/\/novosaopaulo.com.br\/n1\/wp-json\/wp\/v2\/posts"}],"about":[{"href":"https:\/\/novosaopaulo.com.br\/n1\/wp-json\/wp\/v2\/types\/post"}],"author":[{"embeddable":true,"href":"https:\/\/novosaopaulo.com.br\/n1\/wp-json\/wp\/v2\/users\/1"}],"replies":[{"embeddable":true,"href":"https:\/\/novosaopaulo.com.br\/n1\/wp-json\/wp\/v2\/comments?post=14792"}],"version-history":[{"count":0,"href":"https:\/\/novosaopaulo.com.br\/n1\/wp-json\/wp\/v2\/posts\/14792\/revisions"}],"wp:featuredmedia":[{"embeddable":true,"href":"https:\/\/novosaopaulo.com.br\/n1\/wp-json\/"}],"wp:attachment":[{"href":"https:\/\/novosaopaulo.com.br\/n1\/wp-json\/wp\/v2\/media?parent=14792"}],"wp:term":[{"taxonomy":"category","embeddable":true,"href":"https:\/\/novosaopaulo.com.br\/n1\/wp-json\/wp\/v2\/categories?post=14792"},{"taxonomy":"post_tag","embeddable":true,"href":"https:\/\/novosaopaulo.com.br\/n1\/wp-json\/wp\/v2\/tags?post=14792"}],"curies":[{"name":"wp","href":"https:\/\/api.w.org\/{rel}","templated":true}]}}