{"id":14785,"date":"2023-09-17T15:32:10","date_gmt":"2023-09-17T18:32:10","guid":{"rendered":"https:\/\/novosaopaulo.com.br\/n2\/?p=14785"},"modified":"2023-09-17T15:32:10","modified_gmt":"2023-09-17T18:32:10","slug":"artistas-de-poa-podem-perder-verba-da-lei-paulo-gustavo","status":"publish","type":"post","link":"https:\/\/novosaopaulo.com.br\/n1\/artistas-de-poa-podem-perder-verba-da-lei-paulo-gustavo\/","title":{"rendered":"Artistas de Po\u00e1 podem perder verba da Lei Paulo Gustavo"},"content":{"rendered":"\n<p>O prazo para Po\u00e1 receber a verba da Lei Paulo Gustavo para projetos culturais e art\u00edsticos est\u00e1 se esgotando sem que a cidade tenha preparado a documenta\u00e7\u00e3o solicitada. O dinheiro at\u00e9 j\u00e1 est\u00e1 em uma conta aberta especificamente para esse fim, mas essa verba pode ser perdida se Po\u00e1 n\u00e3o cumprir o que a lei exige.<br \/>A grave situa\u00e7\u00e3o est\u00e1 sendo criticada pela conselheira de Cultura Gisele Magalh\u00e3es, que disse que desde a assinatura do Plano de A\u00e7\u00e3o h\u00e1 quatro meses, nada foi feito. Nesse per\u00edodo, j\u00e1 era para a Secretaria de Cultura ter preparado e publicado os editais, que nem come\u00e7aram a ser feitos.<br \/>O processo de preparo dos editais leva muito tempo, com a contrata\u00e7\u00e3o de empresa para fazer a escrita dos editais e sua respectiva publica\u00e7\u00e3o e os artistas precisam apresentar seus projetos que ser\u00e3o julgados, o que leva muito tempo. Gisele diz que a Secretaria de Cultura ficou enrolando todo esse tempo, porque os funcion\u00e1rios n\u00e3o sabem fazer o que \u00e9 preciso. A falta de um Secret\u00e1rio definitivo para a Cultura prejudica muito, pois ela precisa ficar repassando todo o assunto para os secret\u00e1rios provis\u00f3rios e nada acontece.<br \/>Quando Po\u00e1 assinou o Termo de Ades\u00e3o, se comprometeu em cumprir as etapas, como fazer a Confer\u00eancia de Cultura, que pode ser realizada at\u00e9 30 de outubro, entretanto h\u00e1 toda uma burocracia precedente, como a publica\u00e7\u00e3o de um edital no Di\u00e1rio Oficial no dia 5 de setembro, o que n\u00e3o aconteceu.<br \/>O \u00faltimo dia para empenhar o dinheiro ser\u00e1 31 de dezembro, caso contr\u00e1rio a verba ser\u00e1 perdida e isso acontecer\u00e1 se n\u00e3o houver uma atitude urgente por parte da Prefeitura, atrav\u00e9s da Secretaria de Cultura. Gisele Magalh\u00e3es conta com a press\u00e3o dos artistas para mudar essa situa\u00e7\u00e3o.<\/p>\n","protected":false},"excerpt":{"rendered":"<p>O prazo para Po\u00e1 receber a verba da Lei Paulo Gustavo para projetos culturais e&#8230;<\/p>\n","protected":false},"author":1,"featured_media":8408,"comment_status":"open","ping_status":"open","sticky":false,"template":"","format":"standard","meta":{"footnotes":""},"categories":[8],"tags":[],"featured_image_urls":{"full":"","thumbnail":"","medium":"","medium_large":"","large":"","1536x1536":"","2048x2048":"","newsever-slider-full":"","newsever-featured":"","newsever-medium":""},"author_info":{"display_name":"Reda\u00e7\u00e3o","author_link":"https:\/\/novosaopaulo.com.br\/n1\/author\/g5poa\/"},"category_info":"<a href=\"https:\/\/novosaopaulo.com.br\/n1\/category\/poa\/\" rel=\"category tag\">Po\u00e1<\/a>","tag_info":"Po\u00e1","comment_count":"0","_links":{"self":[{"href":"https:\/\/novosaopaulo.com.br\/n1\/wp-json\/wp\/v2\/posts\/14785"}],"collection":[{"href":"https:\/\/novosaopaulo.com.br\/n1\/wp-json\/wp\/v2\/posts"}],"about":[{"href":"https:\/\/novosaopaulo.com.br\/n1\/wp-json\/wp\/v2\/types\/post"}],"author":[{"embeddable":true,"href":"https:\/\/novosaopaulo.com.br\/n1\/wp-json\/wp\/v2\/users\/1"}],"replies":[{"embeddable":true,"href":"https:\/\/novosaopaulo.com.br\/n1\/wp-json\/wp\/v2\/comments?post=14785"}],"version-history":[{"count":0,"href":"https:\/\/novosaopaulo.com.br\/n1\/wp-json\/wp\/v2\/posts\/14785\/revisions"}],"wp:featuredmedia":[{"embeddable":true,"href":"https:\/\/novosaopaulo.com.br\/n1\/wp-json\/"}],"wp:attachment":[{"href":"https:\/\/novosaopaulo.com.br\/n1\/wp-json\/wp\/v2\/media?parent=14785"}],"wp:term":[{"taxonomy":"category","embeddable":true,"href":"https:\/\/novosaopaulo.com.br\/n1\/wp-json\/wp\/v2\/categories?post=14785"},{"taxonomy":"post_tag","embeddable":true,"href":"https:\/\/novosaopaulo.com.br\/n1\/wp-json\/wp\/v2\/tags?post=14785"}],"curies":[{"name":"wp","href":"https:\/\/api.w.org\/{rel}","templated":true}]}}