{"id":14782,"date":"2023-09-17T15:30:52","date_gmt":"2023-09-17T18:30:52","guid":{"rendered":"https:\/\/novosaopaulo.com.br\/n2\/?p=14782"},"modified":"2023-09-17T15:30:52","modified_gmt":"2023-09-17T18:30:52","slug":"camara-desobedece-justica","status":"publish","type":"post","link":"https:\/\/novosaopaulo.com.br\/n1\/camara-desobedece-justica\/","title":{"rendered":"C\u00e2mara desobedece justi\u00e7a"},"content":{"rendered":"\n<p>Embora tenham tido seus mandatos cassados pela Justi\u00e7a por improbidade administrativa, dois vereadores ainda continuam na ativa na C\u00e2mara Municipal de Po\u00e1, recebendo sal\u00e1rios. S\u00e3o eles Rog\u00e9rio Matias, do PTB, e Edevaldo Gon\u00e7alves, do PRTB.<br \/>O processo de cassa\u00e7\u00e3o j\u00e1 transitou em julgado e o juiz enviou of\u00edcio \u00e0 C\u00e2mara em 27 de fevereiro deste ano comunicando a perda dos direitos pol\u00edticos, mas at\u00e9 agora n\u00e3o aconteceu \u00e0 perda dos mandatos. Eles continuam a exercer suas atividades como vereadores, recebendo sal\u00e1rios dos cofres p\u00fablicos quando j\u00e1 deveriam ter sido cassados, como aconteceu na C\u00e2mara de Ferraz de Vasconcelos.<br \/>L\u00e1 tamb\u00e9m houve uma a\u00e7\u00e3o que resultou na perda dos mandatos de Luiz F\u00e1bio Alves da Silva e Roberto Antunes de Souza, que foram afastados de fato e substitu\u00eddos pelos suplentes.<br \/>J\u00e1 em Po\u00e1, tudo indica que esses vereadores est\u00e3o sendo blindados pela presidente da C\u00e2mara Patr\u00edcia Bin e sua m\u00e3e, a prefeita M\u00e1rcia Bin. Caso contr\u00e1rio, por que a omiss\u00e3o e a desobedi\u00eancia em cumprir uma decis\u00e3o judicial? A a\u00e7\u00e3o iniciada em 2008 tamb\u00e9m cassou os direitos pol\u00edticos dos ex-vereadores Pedro Luiz Viviani, Vagner Mantarano, Fernando Rodrigues Molina J\u00fanior, Wellington Lopes e Azuir Marcolino Cavalcante e do ex-prefeito Carlos Roberto Marques da Silva.<\/p>\n","protected":false},"excerpt":{"rendered":"<p>Embora tenham tido seus mandatos cassados pela Justi\u00e7a por improbidade administrativa, dois vereadores ainda continuam&#8230;<\/p>\n","protected":false},"author":1,"featured_media":14783,"comment_status":"open","ping_status":"open","sticky":false,"template":"","format":"standard","meta":{"footnotes":""},"categories":[34],"tags":[],"featured_image_urls":{"full":"","thumbnail":"","medium":"","medium_large":"","large":"","1536x1536":"","2048x2048":"","newsever-slider-full":"","newsever-featured":"","newsever-medium":""},"author_info":{"display_name":"Reda\u00e7\u00e3o","author_link":"https:\/\/novosaopaulo.com.br\/n1\/author\/g5poa\/"},"category_info":"<a href=\"https:\/\/novosaopaulo.com.br\/n1\/category\/alto-tiete\/\" rel=\"category tag\">Alto Tiet\u00ea<\/a>","tag_info":"Alto Tiet\u00ea","comment_count":"0","_links":{"self":[{"href":"https:\/\/novosaopaulo.com.br\/n1\/wp-json\/wp\/v2\/posts\/14782"}],"collection":[{"href":"https:\/\/novosaopaulo.com.br\/n1\/wp-json\/wp\/v2\/posts"}],"about":[{"href":"https:\/\/novosaopaulo.com.br\/n1\/wp-json\/wp\/v2\/types\/post"}],"author":[{"embeddable":true,"href":"https:\/\/novosaopaulo.com.br\/n1\/wp-json\/wp\/v2\/users\/1"}],"replies":[{"embeddable":true,"href":"https:\/\/novosaopaulo.com.br\/n1\/wp-json\/wp\/v2\/comments?post=14782"}],"version-history":[{"count":0,"href":"https:\/\/novosaopaulo.com.br\/n1\/wp-json\/wp\/v2\/posts\/14782\/revisions"}],"wp:featuredmedia":[{"embeddable":true,"href":"https:\/\/novosaopaulo.com.br\/n1\/wp-json\/"}],"wp:attachment":[{"href":"https:\/\/novosaopaulo.com.br\/n1\/wp-json\/wp\/v2\/media?parent=14782"}],"wp:term":[{"taxonomy":"category","embeddable":true,"href":"https:\/\/novosaopaulo.com.br\/n1\/wp-json\/wp\/v2\/categories?post=14782"},{"taxonomy":"post_tag","embeddable":true,"href":"https:\/\/novosaopaulo.com.br\/n1\/wp-json\/wp\/v2\/tags?post=14782"}],"curies":[{"name":"wp","href":"https:\/\/api.w.org\/{rel}","templated":true}]}}