{"id":14762,"date":"2023-09-14T18:52:32","date_gmt":"2023-09-14T21:52:32","guid":{"rendered":"https:\/\/novosaopaulo.com.br\/n2\/?p=14762"},"modified":"2023-09-14T18:52:32","modified_gmt":"2023-09-14T21:52:32","slug":"fique-por-dentro-dicas-culturais-para-o-fim-de-semana-2","status":"publish","type":"post","link":"https:\/\/novosaopaulo.com.br\/n1\/fique-por-dentro-dicas-culturais-para-o-fim-de-semana-2\/","title":{"rendered":"Fique por Dentro: Dicas culturais para o fim de semana"},"content":{"rendered":"\n<p>Confira dicas de exposi\u00e7\u00f5es e eventos para os dias 15, 16 e 17 de setembro em S\u00e3o Paulo e no interior<\/p>\n\n\n\n<p>A Pinacoteca de S\u00e3o Paulo inaugura a exposi\u00e7\u00e3o \u201cAlex \u010cerven\u00fd: Mirabilia\u201d, no 2\u00ba andar da Pinacoteca Esta\u00e7\u00e3o. A mostra panor\u00e2mica apresenta o universo do artista em mais de 40 anos de carreira. Quem for a Pinacoteca, poder\u00e1 conhecer ainda as exposi\u00e7\u00f5es Marta Minuj\u00edn: ao vivo, Sonia Gomes: Sinfonia das cores e Cao Fei: o futuro n\u00e3o \u00e9 um sonho, na Pina Contempor\u00e2nea.<br \/>Lembrando que aos s\u00e1bados, a entrada \u00e9 gratuita para todas as pessoas nos tr\u00eas pr\u00e9dios da Pinacoteca.<\/p>\n\n\n\n<p>Ainda no s\u00e1bado, a F\u00e1brica de Cultura Osasco recebe o encontro &#8220;F\u00e1brica de Rimas&#8221;. Na competi\u00e7\u00e3o com artistas da cena do hip-hop, o p\u00fablico poder\u00e1 ver as habilidades l\u00edricas e de improviso dos participantes. E a programa\u00e7\u00e3o de s\u00e1bado, termina na Zona Sul, na F\u00e1brica de Cultura Cap\u00e3o Redondo com apresenta\u00e7\u00f5es de dan\u00e7a urbana.<\/p>\n\n\n\n<p>J\u00e1 para quem gosta de blues, o Museu da Imagem e do Som recebe a exposi\u00e7\u00e3o B.B. King: Um mundo melhor em algum lugar. No s\u00e1bado, o astro da m\u00fasica completaria 98 anos, e para homenagear o artista, haver\u00e1 apresenta\u00e7\u00f5es inspiradas no Rei do Blues dentro do espa\u00e7o expositivo.<\/p>\n\n\n\n<p>No interior, na cidade de S\u00e3o Jo\u00e3o da Boa Vista, come\u00e7a nesta sexta-feira a 46\u00aa Semana Guiomar Novaes, com apresenta\u00e7\u00f5es do m\u00fasico Wagner Tiso, que integrou o Clube da Esquina e o grupo musical O Teatro M\u00e1gico. E em Campos do Jord\u00e3o, o Museu Fel\u00edcia Leiner, recebe a programa\u00e7\u00e3o especial: Fam\u00edlia no Museu: As Mulheres e os 60 anos da VII Bienal de S\u00e3o Paulo, com hist\u00f3rias e obras de artistas como Lygia Clark, Tarsila do Amaral e Anita Malfatti.<\/p>\n\n\n\n<p>Secretaria de Comunica\u00e7\u00e3o do Estado de S\u00e3o Paulo<\/p>\n","protected":false},"excerpt":{"rendered":"<p>Confira dicas de exposi\u00e7\u00f5es e eventos para os dias 15, 16 e 17 de setembro&#8230;<\/p>\n","protected":false},"author":1,"featured_media":14763,"comment_status":"open","ping_status":"open","sticky":false,"template":"","format":"standard","meta":{"footnotes":""},"categories":[34,45],"tags":[],"featured_image_urls":{"full":"","thumbnail":"","medium":"","medium_large":"","large":"","1536x1536":"","2048x2048":"","newsever-slider-full":"","newsever-featured":"","newsever-medium":""},"author_info":{"display_name":"Reda\u00e7\u00e3o","author_link":"https:\/\/novosaopaulo.com.br\/n1\/author\/g5poa\/"},"category_info":"<a href=\"https:\/\/novosaopaulo.com.br\/n1\/category\/alto-tiete\/\" rel=\"category tag\">Alto Tiet\u00ea<\/a> <a href=\"https:\/\/novosaopaulo.com.br\/n1\/category\/cultura\/\" rel=\"category tag\">Cultura<\/a>","tag_info":"Cultura","comment_count":"0","_links":{"self":[{"href":"https:\/\/novosaopaulo.com.br\/n1\/wp-json\/wp\/v2\/posts\/14762"}],"collection":[{"href":"https:\/\/novosaopaulo.com.br\/n1\/wp-json\/wp\/v2\/posts"}],"about":[{"href":"https:\/\/novosaopaulo.com.br\/n1\/wp-json\/wp\/v2\/types\/post"}],"author":[{"embeddable":true,"href":"https:\/\/novosaopaulo.com.br\/n1\/wp-json\/wp\/v2\/users\/1"}],"replies":[{"embeddable":true,"href":"https:\/\/novosaopaulo.com.br\/n1\/wp-json\/wp\/v2\/comments?post=14762"}],"version-history":[{"count":0,"href":"https:\/\/novosaopaulo.com.br\/n1\/wp-json\/wp\/v2\/posts\/14762\/revisions"}],"wp:featuredmedia":[{"embeddable":true,"href":"https:\/\/novosaopaulo.com.br\/n1\/wp-json\/"}],"wp:attachment":[{"href":"https:\/\/novosaopaulo.com.br\/n1\/wp-json\/wp\/v2\/media?parent=14762"}],"wp:term":[{"taxonomy":"category","embeddable":true,"href":"https:\/\/novosaopaulo.com.br\/n1\/wp-json\/wp\/v2\/categories?post=14762"},{"taxonomy":"post_tag","embeddable":true,"href":"https:\/\/novosaopaulo.com.br\/n1\/wp-json\/wp\/v2\/tags?post=14762"}],"curies":[{"name":"wp","href":"https:\/\/api.w.org\/{rel}","templated":true}]}}