{"id":14753,"date":"2023-09-13T17:20:18","date_gmt":"2023-09-13T20:20:18","guid":{"rendered":"https:\/\/novosaopaulo.com.br\/n2\/?p=14753"},"modified":"2023-09-13T17:20:18","modified_gmt":"2023-09-13T20:20:18","slug":"dia-da-consciencia-negra-agora-e-feriado-estadual-em-sp","status":"publish","type":"post","link":"https:\/\/novosaopaulo.com.br\/n1\/dia-da-consciencia-negra-agora-e-feriado-estadual-em-sp\/","title":{"rendered":"Dia da Consci\u00eancia Negra agora \u00e9 feriado estadual em SP"},"content":{"rendered":"\n<p>O governador Tarc\u00edsio de Freitas sancionou nesta ter\u00e7a-feira (13) o projeto de lei 370 de 2023, que institui em todo o Estado de S\u00e3o Paulo o Dia Estadual da Consci\u00eancia Negra, j\u00e1 celebrado em 20 de novembro por algumas cidades. A lei saiu no Di\u00e1rio Oficial desta quarta (13) e vale a partir da sua publica\u00e7\u00e3o.<\/p>\n\n\n\n<p>A data \u00e9 uma homenagem a Zumbi dos Palmares, que morreu em 20 de novembro. Ele foi um dos \u00faltimos l\u00edderes do Quilombo dos Palmares durante o per\u00edodo do Brasil-Col\u00f4nia e ficou conhecido por representar a resist\u00eancia e a luta contra a opress\u00e3o da escravid\u00e3o.<\/p>\n\n\n\n<p>A efem\u00e9ride tem o objetivo de potencializar a import\u00e2ncia do debate sobre o povo e a cultura africana no Brasil, seja por meio da m\u00fasica, da pol\u00edtica, da religi\u00e3o ou da gastronomia, entre v\u00e1rias outras \u00e1reas.<\/p>\n","protected":false},"excerpt":{"rendered":"<p>O governador Tarc\u00edsio de Freitas sancionou nesta ter\u00e7a-feira (13) o projeto de lei 370 de&#8230;<\/p>\n","protected":false},"author":1,"featured_media":14755,"comment_status":"open","ping_status":"open","sticky":false,"template":"","format":"standard","meta":{"footnotes":""},"categories":[9],"tags":[],"featured_image_urls":{"full":"","thumbnail":"","medium":"","medium_large":"","large":"","1536x1536":"","2048x2048":"","newsever-slider-full":"","newsever-featured":"","newsever-medium":""},"author_info":{"display_name":"Reda\u00e7\u00e3o","author_link":"https:\/\/novosaopaulo.com.br\/n1\/author\/g5poa\/"},"category_info":"<a href=\"https:\/\/novosaopaulo.com.br\/n1\/category\/geral\/\" rel=\"category tag\">Geral<\/a>","tag_info":"Geral","comment_count":"0","_links":{"self":[{"href":"https:\/\/novosaopaulo.com.br\/n1\/wp-json\/wp\/v2\/posts\/14753"}],"collection":[{"href":"https:\/\/novosaopaulo.com.br\/n1\/wp-json\/wp\/v2\/posts"}],"about":[{"href":"https:\/\/novosaopaulo.com.br\/n1\/wp-json\/wp\/v2\/types\/post"}],"author":[{"embeddable":true,"href":"https:\/\/novosaopaulo.com.br\/n1\/wp-json\/wp\/v2\/users\/1"}],"replies":[{"embeddable":true,"href":"https:\/\/novosaopaulo.com.br\/n1\/wp-json\/wp\/v2\/comments?post=14753"}],"version-history":[{"count":0,"href":"https:\/\/novosaopaulo.com.br\/n1\/wp-json\/wp\/v2\/posts\/14753\/revisions"}],"wp:featuredmedia":[{"embeddable":true,"href":"https:\/\/novosaopaulo.com.br\/n1\/wp-json\/"}],"wp:attachment":[{"href":"https:\/\/novosaopaulo.com.br\/n1\/wp-json\/wp\/v2\/media?parent=14753"}],"wp:term":[{"taxonomy":"category","embeddable":true,"href":"https:\/\/novosaopaulo.com.br\/n1\/wp-json\/wp\/v2\/categories?post=14753"},{"taxonomy":"post_tag","embeddable":true,"href":"https:\/\/novosaopaulo.com.br\/n1\/wp-json\/wp\/v2\/tags?post=14753"}],"curies":[{"name":"wp","href":"https:\/\/api.w.org\/{rel}","templated":true}]}}