{"id":14738,"date":"2023-09-12T20:36:57","date_gmt":"2023-09-12T23:36:57","guid":{"rendered":"https:\/\/novosaopaulo.com.br\/n2\/?p=14738"},"modified":"2023-09-12T20:36:57","modified_gmt":"2023-09-12T23:36:57","slug":"museu-das-culturas-indigenas-exibe-manto-sagrado-tupinamba","status":"publish","type":"post","link":"https:\/\/novosaopaulo.com.br\/n1\/museu-das-culturas-indigenas-exibe-manto-sagrado-tupinamba\/","title":{"rendered":"Museu das Culturas Ind\u00edgenas exibe manto sagrado Tupinamb\u00e1"},"content":{"rendered":"\n<p>P\u00fablico poder\u00e1 conferir a indument\u00e1ria de ter\u00e7a a domingo, das 9h \u00e0s 18h, e \u00e0s quintas at\u00e9 \u00e0s 20h;<\/p>\n\n\n\n<p>Exibi\u00e7\u00e3o de setembro \u00e9 parte de uma a\u00e7\u00e3o de ativa\u00e7\u00e3o para recep\u00e7\u00e3o de um manto Tupinamb\u00e1 que est\u00e1 h\u00e1 mais de tr\u00eas s\u00e9culos no Museu Nacional da Dinamarca e ser\u00e1 devolvido para o Brasil em janeiro de 2024<\/p>\n\n\n\n<p>A partir de amanh\u00e3 (12\/09), o Museu das Culturas Ind\u00edgenas (MCI) exibir\u00e1 um manto sagrado confeccionado por Glic\u00e9ria Tupinamb\u00e1 na comunidade da Terra Ind\u00edgena de Oliven\u00e7a (BA). A indument\u00e1ria integra o&nbsp;<em>Projeto Manto em Movimento<\/em>, a\u00e7\u00e3o de ativa\u00e7\u00e3o para recep\u00e7\u00e3o do manto que ser\u00e1 devolvido pelo Museu Nacional da Dinamarca para o Brasil em janeiro de 2024. O MCI \u00e9umainstitui\u00e7\u00e3o da Secretaria da Cultura, Economia e Ind\u00fastria Criativas do Estado de S\u00e3o Paulo, gerida pela ACAM Portinari (Associa\u00e7\u00e3o Cultural de Apoio ao Museu Casa de Portinari), em parceria com o Instituto Marac\u00e1 e o Conselho Ind\u00edgena Aty Mirim.&nbsp;<\/p>\n\n\n\n<p>No MCI, o manto de Glic\u00e9ria Tupinamb\u00e1 ser\u00e1 recepcionado por representantes do Conselho Ind\u00edgena Aty Mirim \u2014 composto por ind\u00edgenas de diversas etnias e territ\u00f3rios do estado de S\u00e3o Paulo. Seus integrantes acolher\u00e3o o ente sagrado para seu fortalecimento, j\u00e1 que a indument\u00e1ria tem grande valor espiritual e ritual, considerada um parente divino vinculado ao mundo dos Encantados e \u00e0 cosmologia Tupinamb\u00e1, respons\u00e1vel pela conex\u00e3o com as plantas, os animais, o passado e o presente.&nbsp;&nbsp;<\/p>\n\n\n\n<p>A t\u00e9cnica ancestral para confec\u00e7\u00e3o se d\u00e1 pela conex\u00e3o Tupinamb\u00e1 entre o mundo material e imaterial \u2014 da feitura da agulha, do ponto do jerer\u00e9 \u00e0 comunica\u00e7\u00e3o com os p\u00e1ssaros e \u00e0 reconex\u00e3o com as matas. O objeto \u00e9 confeccionado com fibra de algod\u00e3o, tucum, embebidas no mel, revestidas de penas de p\u00e1ssaro como o guar\u00e1 e a arara.&nbsp;&nbsp;<\/p>\n\n\n\n<p>Para comentar sobre o significado do manto sagrado, a t\u00e9cnica ancestral do povo Tupinamb\u00e1 e a realiza\u00e7\u00e3o do projeto&nbsp;<em>Manto em Movimento<\/em>, o MCI receber\u00e1 Glic\u00e9ria Tupinamb\u00e1, em 14 de setembro, \u00e0s 18h, para uma palestra aberta ao p\u00fablico.&nbsp;&nbsp;<\/p>\n\n\n\n<p><strong>INSPIRA\u00c7\u00c3O<\/strong>&nbsp;<\/p>\n\n\n\n<p>A confec\u00e7\u00e3o dos mantos de Glic\u00e9ria Tupinamb\u00e1 \u2014 artista, ativista, professora e intelectual, natural da aldeia da Serra do Padeiro \u2014 tem in\u00edcio em 2001, quando dois anci\u00e3os do seu povo, Alo\u00edsio e Nivalda, reencontraram um dos mantos presente na cole\u00e7\u00e3o do Museu da Dinamarca. Inspirada pela reconex\u00e3o entre os artefatos, Glic\u00e9ria confeccionou tr\u00eas mantos com o apoio da comunidade e a orienta\u00e7\u00e3o dos mais velhos, com o intuito de reencontrar aqueles levados para a Europa.&nbsp;&nbsp;<\/p>\n\n\n\n<figure class=\"wp-block-image\"><img decoding=\"async\" src=\"https:\/\/cseprs3.s3.amazonaws.com\/email-editor-files\/61228dfc-bc49-4aaa-81f3-08d98f0ff8e9\/3125ad8e-87d0-4232-97d9-421af4dd4301.png\" alt=\"\"\/><\/figure>\n\n\n\n<p><em>Glic\u00e9ria Tupinamb\u00e1 participar\u00e1 de palestra aberta<\/em>&nbsp;<\/p>\n\n\n\n<p><em>ao p\u00fablico no MCI, em 14\/09, \u00e0s 18h.<\/em>&nbsp;<\/p>\n\n\n\n<p><em>Cr\u00e9dito: Perola Dutra<\/em>&nbsp;<\/p>\n\n\n\n<p>O reencontro proposto pelos mantos de Glic\u00e9ria n\u00e3o trata de uma retomada material. Seu trabalho est\u00e1 conectado ao direito \u00e0 mem\u00f3ria e \u00e0 ancestralidade, que permite exercer o direito de reaprender e reviver uma tradi\u00e7\u00e3o, relembrando seu modo de feitura e dos rituais que a indument\u00e1ria representa.&nbsp;&nbsp;<\/p>\n\n\n\n<p><strong>MANTOS NA EUROPA<\/strong>&nbsp;<\/p>\n\n\n\n<p>O manto Tupinamb\u00e1 que est\u00e1 no Museu Nacional da Dinamarca h\u00e1 mais de tr\u00eas s\u00e9culos ser\u00e1 devolvido para o Museu Nacional do Rio de Janeiro em janeiro de 2024. A indument\u00e1ria \u00e9 feita de penas vermelhas de guar\u00e1 costuradas em uma malha e mede cerca de 1,80 metros. O retorno do manto para o Brasil contou com a articula\u00e7\u00e3o do embaixador brasileiro na Dinamarca, Rodrigo de Azeredo Santos, do Museu Nacional e da comunidade Tupinamb\u00e1 da Serra do Padeiro, localizada na ainda n\u00e3o demarcada Terra Ind\u00edgena Tupinamb\u00e1 Oliven\u00e7a (BA).&nbsp;<\/p>\n\n\n\n<p>H\u00e1 registros de 11 mantos Tupinamb\u00e1s em museus europeus. Os artefatos produzidos nos s\u00e9culos 16 e 17 foram trocados em negocia\u00e7\u00f5es diplom\u00e1ticas ou simplesmente saqueados durante a coloniza\u00e7\u00e3o. No Brasil, fisicamente, n\u00e3o restou nenhum.&nbsp;&nbsp;<\/p>\n\n\n\n<p><strong>Sobre o MCI&nbsp;<\/strong>&nbsp;&nbsp;&nbsp;&nbsp;&nbsp;<\/p>\n\n\n\n<p>Localizado na capital paulista, o Museu das Culturas Ind\u00edgenas (MCI) \u00e9 uma institui\u00e7\u00e3o da Secretaria da Cultura, Economia e Ind\u00fastria Criativas do Estado de S\u00e3o Paulo, gerida pela ACAM Portinari \u2013 Organiza\u00e7\u00e3o Social de Cultura, em parceria com o Instituto Marac\u00e1 e o Conselho Aty Mirim.&nbsp;&nbsp;&nbsp;&nbsp;&nbsp;<\/p>\n\n\n\n<p><strong>SERVI\u00c7O<\/strong>&nbsp;<\/p>\n\n\n\n<p>Projeto Manto em Movimento: exposi\u00e7\u00e3o&nbsp;<\/p>\n\n\n\n<p><strong>Per\u00edodo:<\/strong>&nbsp;de 12 a 17 de setembro de 2023&nbsp;<\/p>\n\n\n\n<p><strong>Hor\u00e1rios:&nbsp;<\/strong>de ter\u00e7a a domingo, das 9h \u00e0s 18h, e \u00e0s quintas at\u00e9 \u00e0s 20h&nbsp;<\/p>\n\n\n\n<p><strong>Ingressos:<\/strong>&nbsp;dispon\u00edveis no site&nbsp;<a href=\"https:\/\/click.cse360.com.br\/Click\/AddCampaignEmailClick\/1a9fb07e-3c1d-416e-07ff-08db926c981c\/https%253a%252f%252fmuseudasculturasindigenas.org.br%252fprogramacao%252fprojeto-manto-em-movimento-exposicao%252f\/5f0a2e44-d4db-4f72-9fc8-8b01e0f7a629\/novosaopaulo@yahoo.com.br\/True\" target=\"_blank\" rel=\"noreferrer noopener\">https:\/\/museudasculturasindigenas.org.br\/<\/a>&nbsp;<\/p>\n\n\n\n<p><strong>Museu das Culturas Ind\u00edgenas&nbsp;<\/strong>&nbsp;&nbsp;&nbsp;<\/p>\n\n\n\n<p>Rua Dona Germaine Burchard, 451, \u00c1gua Branca &#8211; S\u00e3o Paulo\/SP&nbsp;<\/p>\n\n\n\n<p><strong>Funcionamento:<\/strong>&nbsp;de ter\u00e7a a domingo, das 9h \u00e0s 18h; \u00e0s quintas-feiras at\u00e9 \u00e0s 20h; fechado \u00e0s segundas-feiras (exceto feriados)&nbsp;&nbsp;&nbsp;&nbsp;&nbsp;<\/p>\n\n\n\n<p><strong>Telefone:<\/strong>&nbsp;(11) 3873-1541&nbsp;&nbsp;&nbsp;&nbsp;&nbsp;<\/p>\n\n\n\n<p><strong>E-mail:<\/strong>&nbsp;contato@museudasculturasindigenas.org.br&nbsp;&nbsp;&nbsp;&nbsp;&nbsp;<\/p>\n\n\n\n<p><strong>Site<\/strong>:<a href=\"https:\/\/click.cse360.com.br\/Click\/AddCampaignEmailClick\/1a9fb07e-3c1d-416e-07ff-08db926c981c\/http%253a%252f%252fwww.museudasculturasindigenas.org.br%252f\/5f0a2e44-d4db-4f72-9fc8-8b01e0f7a629\/novosaopaulo@yahoo.com.br\/True\" target=\"_blank\" rel=\"noreferrer noopener\">&nbsp;www.museudasculturasindigenas.org.br<\/a>&nbsp;&nbsp;&nbsp;&nbsp;&nbsp;&nbsp;<\/p>\n\n\n\n<p><strong>Redes sociais<\/strong>&nbsp;&nbsp;&nbsp;&nbsp;&nbsp;<\/p>\n\n\n\n<p>Instagram (<a href=\"https:\/\/click.cse360.com.br\/Click\/AddCampaignEmailClick\/1a9fb07e-3c1d-416e-07ff-08db926c981c\/http%253a%252f%252finstagram.com%252fmuseudasculturasindigenas\/5f0a2e44-d4db-4f72-9fc8-8b01e0f7a629\/novosaopaulo@yahoo.com.br\/True\" target=\"_blank\" rel=\"noreferrer noopener\">@museudasculturasindigenas<\/a>)&nbsp;&nbsp;&nbsp;&nbsp;&nbsp;&nbsp;<\/p>\n\n\n\n<p>Facebook (<a href=\"https:\/\/click.cse360.com.br\/Click\/AddCampaignEmailClick\/1a9fb07e-3c1d-416e-07ff-08db926c981c\/http%253a%252f%252ffacebook.com%252fmuseudasculturasindigenas\/5f0a2e44-d4db-4f72-9fc8-8b01e0f7a629\/novosaopaulo@yahoo.com.br\/True\" target=\"_blank\" rel=\"noreferrer noopener\">\/museudasculturasindigenas<\/a>)&nbsp;&nbsp;&nbsp;&nbsp;&nbsp;&nbsp;<\/p>\n\n\n\n<p>Twitter (<a href=\"https:\/\/click.cse360.com.br\/Click\/AddCampaignEmailClick\/1a9fb07e-3c1d-416e-07ff-08db926c981c\/http%253a%252f%252ftwitter.com%252fmcindigenas\/5f0a2e44-d4db-4f72-9fc8-8b01e0f7a629\/novosaopaulo@yahoo.com.br\/True\" target=\"_blank\" rel=\"noreferrer noopener\">@mcindigenas<\/a>)&nbsp;&nbsp;&nbsp;&nbsp;&nbsp;&nbsp;<\/p>\n\n\n\n<p>YouTube (<a href=\"https:\/\/click.cse360.com.br\/Click\/AddCampaignEmailClick\/1a9fb07e-3c1d-416e-07ff-08db926c981c\/http%253a%252f%252fyoutube.com%252fchannel%252fUCYgc3AXP0-UfQye5pgbVloQ\/5f0a2e44-d4db-4f72-9fc8-8b01e0f7a629\/novosaopaulo@yahoo.com.br\/True\" target=\"_blank\" rel=\"noreferrer noopener\">@museudasculturasindigenas<\/a>)&nbsp;&nbsp;&nbsp;&nbsp;&nbsp;&nbsp;<\/p>\n","protected":false},"excerpt":{"rendered":"<p>P\u00fablico poder\u00e1 conferir a indument\u00e1ria de ter\u00e7a a domingo, das 9h \u00e0s 18h, e \u00e0s&#8230;<\/p>\n","protected":false},"author":1,"featured_media":14739,"comment_status":"open","ping_status":"open","sticky":false,"template":"","format":"standard","meta":{"footnotes":""},"categories":[34],"tags":[],"featured_image_urls":{"full":"","thumbnail":"","medium":"","medium_large":"","large":"","1536x1536":"","2048x2048":"","newsever-slider-full":"","newsever-featured":"","newsever-medium":""},"author_info":{"display_name":"Reda\u00e7\u00e3o","author_link":"https:\/\/novosaopaulo.com.br\/n1\/author\/g5poa\/"},"category_info":"<a href=\"https:\/\/novosaopaulo.com.br\/n1\/category\/alto-tiete\/\" rel=\"category tag\">Alto Tiet\u00ea<\/a>","tag_info":"Alto Tiet\u00ea","comment_count":"0","_links":{"self":[{"href":"https:\/\/novosaopaulo.com.br\/n1\/wp-json\/wp\/v2\/posts\/14738"}],"collection":[{"href":"https:\/\/novosaopaulo.com.br\/n1\/wp-json\/wp\/v2\/posts"}],"about":[{"href":"https:\/\/novosaopaulo.com.br\/n1\/wp-json\/wp\/v2\/types\/post"}],"author":[{"embeddable":true,"href":"https:\/\/novosaopaulo.com.br\/n1\/wp-json\/wp\/v2\/users\/1"}],"replies":[{"embeddable":true,"href":"https:\/\/novosaopaulo.com.br\/n1\/wp-json\/wp\/v2\/comments?post=14738"}],"version-history":[{"count":0,"href":"https:\/\/novosaopaulo.com.br\/n1\/wp-json\/wp\/v2\/posts\/14738\/revisions"}],"wp:featuredmedia":[{"embeddable":true,"href":"https:\/\/novosaopaulo.com.br\/n1\/wp-json\/"}],"wp:attachment":[{"href":"https:\/\/novosaopaulo.com.br\/n1\/wp-json\/wp\/v2\/media?parent=14738"}],"wp:term":[{"taxonomy":"category","embeddable":true,"href":"https:\/\/novosaopaulo.com.br\/n1\/wp-json\/wp\/v2\/categories?post=14738"},{"taxonomy":"post_tag","embeddable":true,"href":"https:\/\/novosaopaulo.com.br\/n1\/wp-json\/wp\/v2\/tags?post=14738"}],"curies":[{"name":"wp","href":"https:\/\/api.w.org\/{rel}","templated":true}]}}