{"id":14726,"date":"2023-09-12T20:25:17","date_gmt":"2023-09-12T23:25:17","guid":{"rendered":"https:\/\/novosaopaulo.com.br\/n2\/?p=14726"},"modified":"2023-09-12T20:25:17","modified_gmt":"2023-09-12T23:25:17","slug":"camara-de-suzano-aprova-refis-2023","status":"publish","type":"post","link":"https:\/\/novosaopaulo.com.br\/n1\/camara-de-suzano-aprova-refis-2023\/","title":{"rendered":"C\u00e2mara de Suzano aprova Refis 2023"},"content":{"rendered":"\n<p>O Programa de Recupera\u00e7\u00e3o e Est\u00edmulo ao Pagamento de D\u00e9bitos Fiscais (Refis), que possibilita aos contribuintes a renegocia\u00e7\u00e3o de d\u00edvidas municipais, foi aprovado pelos vereadores de Suzano. Este foi um dos 11 projetos votados na sess\u00e3o ordin\u00e1ria da \u00faltima quarta-feira (6).<\/p>\n\n\n\n<p>Segundo o texto da propositura, o Refis ter\u00e1 inicio em 2 de outubro e terminar\u00e1 no dia 22 de dezembro. O programa oferece aos mun\u00edcipes desconto de 100% sobre juros e multas nos pagamentos \u00e0 vista. O benef\u00edcio abrange todos os tributos municipais em atraso de at\u00e9 cinco anos, como Imposto Sobre Servi\u00e7os (ISS), Imposto Predial e Territorial Urbano (IPTU), Imposto sobre a Transmiss\u00e3o de Bens Im\u00f3veis (ITBI) e outras taxas. Os demais descontos s\u00e3o graduais, conforme o n\u00famero de parcelas, que podem chegar a 24 presta\u00e7\u00f5es. Outros detalhes sobre como funcionar\u00e1 o Refis devem ser divulgados pela Prefeitura de Suzano nos pr\u00f3ximos dias.<\/p>\n\n\n\n<p>Seguran\u00e7a<\/p>\n\n\n\n<p>Outro projeto aprovado pelos vereadores de Suzano \u00e9 sobre seguran\u00e7a p\u00fablica. Os parlamentares foram favor\u00e1veis ao conv\u00eanio entre a Secretaria de Seguran\u00e7a P\u00fablica do Estado de S\u00e3o Paulo com a Prefeitura de Suzano para manuten\u00e7\u00e3o da sede da 1\u00aa Companhia do 32\u00b0 Batalh\u00e3o da Policia Militar, pelo prazo de 20 anos, a fim de possibilitar melhorias na seguran\u00e7a p\u00fablica da comunidade local, e diminuir os \u00edndices de criminalidade, bem como potencializar a presen\u00e7a do Estado junto \u00e0 popula\u00e7\u00e3o local. O conv\u00eanio ser\u00e1 assinado pelo secret\u00e1rio de Seguran\u00e7a P\u00fablica do Estado de S\u00e3o Paulo, Guilherme Derrite, e pelo prefeito de Suzano, Rodrigo Ashiuchi (PL).<\/p>\n","protected":false},"excerpt":{"rendered":"<p>O Programa de Recupera\u00e7\u00e3o e Est\u00edmulo ao Pagamento de D\u00e9bitos Fiscais (Refis), que possibilita aos&#8230;<\/p>\n","protected":false},"author":1,"featured_media":14727,"comment_status":"open","ping_status":"open","sticky":false,"template":"","format":"standard","meta":{"footnotes":""},"categories":[34,2],"tags":[],"featured_image_urls":{"full":"","thumbnail":"","medium":"","medium_large":"","large":"","1536x1536":"","2048x2048":"","newsever-slider-full":"","newsever-featured":"","newsever-medium":""},"author_info":{"display_name":"Reda\u00e7\u00e3o","author_link":"https:\/\/novosaopaulo.com.br\/n1\/author\/g5poa\/"},"category_info":"<a href=\"https:\/\/novosaopaulo.com.br\/n1\/category\/alto-tiete\/\" rel=\"category tag\">Alto Tiet\u00ea<\/a> <a href=\"https:\/\/novosaopaulo.com.br\/n1\/category\/cidades\/\" rel=\"category tag\">Cidades<\/a>","tag_info":"Cidades","comment_count":"0","_links":{"self":[{"href":"https:\/\/novosaopaulo.com.br\/n1\/wp-json\/wp\/v2\/posts\/14726"}],"collection":[{"href":"https:\/\/novosaopaulo.com.br\/n1\/wp-json\/wp\/v2\/posts"}],"about":[{"href":"https:\/\/novosaopaulo.com.br\/n1\/wp-json\/wp\/v2\/types\/post"}],"author":[{"embeddable":true,"href":"https:\/\/novosaopaulo.com.br\/n1\/wp-json\/wp\/v2\/users\/1"}],"replies":[{"embeddable":true,"href":"https:\/\/novosaopaulo.com.br\/n1\/wp-json\/wp\/v2\/comments?post=14726"}],"version-history":[{"count":0,"href":"https:\/\/novosaopaulo.com.br\/n1\/wp-json\/wp\/v2\/posts\/14726\/revisions"}],"wp:featuredmedia":[{"embeddable":true,"href":"https:\/\/novosaopaulo.com.br\/n1\/wp-json\/"}],"wp:attachment":[{"href":"https:\/\/novosaopaulo.com.br\/n1\/wp-json\/wp\/v2\/media?parent=14726"}],"wp:term":[{"taxonomy":"category","embeddable":true,"href":"https:\/\/novosaopaulo.com.br\/n1\/wp-json\/wp\/v2\/categories?post=14726"},{"taxonomy":"post_tag","embeddable":true,"href":"https:\/\/novosaopaulo.com.br\/n1\/wp-json\/wp\/v2\/tags?post=14726"}],"curies":[{"name":"wp","href":"https:\/\/api.w.org\/{rel}","templated":true}]}}