{"id":14683,"date":"2023-09-07T13:11:05","date_gmt":"2023-09-07T16:11:05","guid":{"rendered":"https:\/\/novosaopaulo.com.br\/n2\/?p=14683"},"modified":"2023-09-07T13:11:05","modified_gmt":"2023-09-07T16:11:05","slug":"sptrans-e-pm-prejudicam-itaqua-rodeio-fest","status":"publish","type":"post","link":"https:\/\/novosaopaulo.com.br\/n1\/sptrans-e-pm-prejudicam-itaqua-rodeio-fest\/","title":{"rendered":"SPTrans e PM prejudicam Itaqu\u00e1 Rodeio Fest"},"content":{"rendered":"\n<p>O prefeito de Itaquaquecetuba, delegado Eduardo Boigues, divulgou ontem \u00e0 noite um v\u00eddeo nas redes sociais, inconformado com a blitz que a SP Trans e a Pol\u00edcia Militar fizeram bem na entrada do Itaqu\u00e1 Rodeio Fest, prejudicando motoristas e o pr\u00f3prio evento.<\/p>\n\n\n\n<p>Uma pura sacanagem, definiu o prefeito sobre a opera\u00e7\u00e3o. Segundo ele, nunca a SPTrans esteve em Itaquaquecetuba e bem no dia de in\u00edcio da festa aparece para interditar a pista, multar motoristas e apreender carros, usando duas cegonhas, dois guinchos e muitas viaturas e policiais.<\/p>\n\n\n\n<p>&#8220;Em vez de proteger, vieram para prejudicar&#8221;, disse o prefeito, mostrando a Avenida M\u00e1rio Covas e a Estrada do Mandi congestionadas, o que travou a cidade. Carros n\u00e3o conseguiam entrar na festa, nem moradores conseguiam chegar em suas casas, atrasando tudo, at\u00e9 a chegada dos artistas.<\/p>\n\n\n\n<p>O prefeito Boigues disse que foram meses e meses de preparo para realizar esse evento de grande porte com muitas reuni\u00f5es com todas as prefeituras da regi\u00e3o de Mogi das Cruzes, no sentido de organizar o tr\u00e2nsito nas vias de acesso \u00e0 Itaqu\u00e1, para facilitar a vida dos motoristas, que deveriam encontrar pistas livres, mas todo esse planejamento foi perdido, porque a PM deixou apenas meia pista para os carros, que ainda foram multados e apreendidos.<\/p>\n\n\n\n<p>Em um momento do v\u00eddeo, o prefeito pergunta qual o motivo, qual a necessidade de fazer isso bem na entrada da festa no hor\u00e1rio de seu in\u00edcio, j\u00e1 que SPTrans e PM nunca tinham feito isso.<\/p>\n\n\n\n<p>Apesar de ter solicitado insistentemente para que liberassem o tr\u00e2nsito, o prefeito n\u00e3o foi atendido e disse que vai levar o ocorrido ao conhecimento do Governo do Estado e da Secretaria de Seguran\u00e7a. Mesmo com todos os problemas, o Rodeio foi realizado e prossegue at\u00e9 dia 16 de setembro.<\/p>\n","protected":false},"excerpt":{"rendered":"<p>O prefeito de Itaquaquecetuba, delegado Eduardo Boigues, divulgou ontem \u00e0 noite um v\u00eddeo nas redes&#8230;<\/p>\n","protected":false},"author":1,"featured_media":14684,"comment_status":"open","ping_status":"open","sticky":false,"template":"","format":"standard","meta":{"footnotes":""},"categories":[34],"tags":[],"featured_image_urls":{"full":"","thumbnail":"","medium":"","medium_large":"","large":"","1536x1536":"","2048x2048":"","newsever-slider-full":"","newsever-featured":"","newsever-medium":""},"author_info":{"display_name":"Reda\u00e7\u00e3o","author_link":"https:\/\/novosaopaulo.com.br\/n1\/author\/g5poa\/"},"category_info":"<a href=\"https:\/\/novosaopaulo.com.br\/n1\/category\/alto-tiete\/\" rel=\"category tag\">Alto Tiet\u00ea<\/a>","tag_info":"Alto Tiet\u00ea","comment_count":"0","_links":{"self":[{"href":"https:\/\/novosaopaulo.com.br\/n1\/wp-json\/wp\/v2\/posts\/14683"}],"collection":[{"href":"https:\/\/novosaopaulo.com.br\/n1\/wp-json\/wp\/v2\/posts"}],"about":[{"href":"https:\/\/novosaopaulo.com.br\/n1\/wp-json\/wp\/v2\/types\/post"}],"author":[{"embeddable":true,"href":"https:\/\/novosaopaulo.com.br\/n1\/wp-json\/wp\/v2\/users\/1"}],"replies":[{"embeddable":true,"href":"https:\/\/novosaopaulo.com.br\/n1\/wp-json\/wp\/v2\/comments?post=14683"}],"version-history":[{"count":0,"href":"https:\/\/novosaopaulo.com.br\/n1\/wp-json\/wp\/v2\/posts\/14683\/revisions"}],"wp:featuredmedia":[{"embeddable":true,"href":"https:\/\/novosaopaulo.com.br\/n1\/wp-json\/"}],"wp:attachment":[{"href":"https:\/\/novosaopaulo.com.br\/n1\/wp-json\/wp\/v2\/media?parent=14683"}],"wp:term":[{"taxonomy":"category","embeddable":true,"href":"https:\/\/novosaopaulo.com.br\/n1\/wp-json\/wp\/v2\/categories?post=14683"},{"taxonomy":"post_tag","embeddable":true,"href":"https:\/\/novosaopaulo.com.br\/n1\/wp-json\/wp\/v2\/tags?post=14683"}],"curies":[{"name":"wp","href":"https:\/\/api.w.org\/{rel}","templated":true}]}}