{"id":14654,"date":"2023-09-05T22:48:00","date_gmt":"2023-09-06T01:48:00","guid":{"rendered":"https:\/\/novosaopaulo.com.br\/n2\/?p=14654"},"modified":"2023-09-05T22:48:00","modified_gmt":"2023-09-06T01:48:00","slug":"itaqua-rodeio-fest-pode-ser-suspenso","status":"publish","type":"post","link":"https:\/\/novosaopaulo.com.br\/n1\/itaqua-rodeio-fest-pode-ser-suspenso\/","title":{"rendered":"Itaqu\u00e1 Rodeio Fest pode ser suspenso"},"content":{"rendered":"\n<p>Uma a\u00e7\u00e3o popular de viola\u00e7\u00e3o dos princ\u00edpios administrativos proposta por Tadeu Amaral pediu a suspens\u00e3o do Itaqu\u00e1 Rodeio Fest, programado para ser realizado nos dias 6, 7, 8, 9, 10, 15 e 16 de setembro, sob alega\u00e7\u00e3o de falta de licita\u00e7\u00e3o, aus\u00eancia de publicidade e utiliza\u00e7\u00e3o de recursos p\u00fablicos para evento realizado em benef\u00edcio de empresa particular.<br \/>O Juiz de Direito Dr. Luiz Felippe de Souza Marino atendeu parcialmente a a\u00e7\u00e3o, argumentando que a suspens\u00e3o \u00e0s v\u00e9speras do in\u00edcio do evento n\u00e3o seria vi\u00e1vel para atendimento dos objetivos da a\u00e7\u00e3o, porque os recursos p\u00fablicos j\u00e1 foram utilizados e a suspens\u00e3o apenas agravaria o preju\u00edzo ao munic\u00edpio.<br \/>Por isso, avaliou que ser\u00e1 melhor ter a realiza\u00e7\u00e3o do Rodeio com futura responsabiliza\u00e7\u00e3o dos organizadores pelo uso de recursos p\u00fablicos em benef\u00edcio de particular sem licita\u00e7\u00e3o.<br \/>Entretanto, como o evento n\u00e3o pode ser realizado sem seguran\u00e7a para o p\u00fablico, o juiz determinou que os organizadores apresentem at\u00e9 14 horas do dia 6 de setembro o alvar\u00e1 da prefeitura autorizando a realiza\u00e7\u00e3o do evento, o auto de vistoria do Corpo de Bombeiros, o contrato com a empresa de seguran\u00e7a, o laudo t\u00e9cnico de seguran\u00e7a e responsabilidade t\u00e9cnica, o termo de responsabilidade preenchido e assinado e a comunica\u00e7\u00e3o que existiu entre Prefeitura e Pol\u00edcia Militar e Corpo de Bombeiros.<br \/>Se esses documentos n\u00e3o forem apresentados, o Itaqu\u00e1 Rodeio Fest n\u00e3o ser\u00e1 realizado, sob pena de multa de dois milh\u00f5es de reais para a Prefeitura de Itaquaquecetuba e outra de igual valor para a empresa MDPM Promo\u00e7\u00f5es Art\u00edsticas Sociedade Unipessoal Ltda, que est\u00e1 organizando o evento.<\/p>\n","protected":false},"excerpt":{"rendered":"<p>Uma a\u00e7\u00e3o popular de viola\u00e7\u00e3o dos princ\u00edpios administrativos proposta por Tadeu Amaral pediu a suspens\u00e3o&#8230;<\/p>\n","protected":false},"author":1,"featured_media":14655,"comment_status":"open","ping_status":"open","sticky":false,"template":"","format":"standard","meta":{"footnotes":""},"categories":[34],"tags":[],"featured_image_urls":{"full":"","thumbnail":"","medium":"","medium_large":"","large":"","1536x1536":"","2048x2048":"","newsever-slider-full":"","newsever-featured":"","newsever-medium":""},"author_info":{"display_name":"Reda\u00e7\u00e3o","author_link":"https:\/\/novosaopaulo.com.br\/n1\/author\/g5poa\/"},"category_info":"<a href=\"https:\/\/novosaopaulo.com.br\/n1\/category\/alto-tiete\/\" rel=\"category tag\">Alto Tiet\u00ea<\/a>","tag_info":"Alto Tiet\u00ea","comment_count":"0","_links":{"self":[{"href":"https:\/\/novosaopaulo.com.br\/n1\/wp-json\/wp\/v2\/posts\/14654"}],"collection":[{"href":"https:\/\/novosaopaulo.com.br\/n1\/wp-json\/wp\/v2\/posts"}],"about":[{"href":"https:\/\/novosaopaulo.com.br\/n1\/wp-json\/wp\/v2\/types\/post"}],"author":[{"embeddable":true,"href":"https:\/\/novosaopaulo.com.br\/n1\/wp-json\/wp\/v2\/users\/1"}],"replies":[{"embeddable":true,"href":"https:\/\/novosaopaulo.com.br\/n1\/wp-json\/wp\/v2\/comments?post=14654"}],"version-history":[{"count":0,"href":"https:\/\/novosaopaulo.com.br\/n1\/wp-json\/wp\/v2\/posts\/14654\/revisions"}],"wp:featuredmedia":[{"embeddable":true,"href":"https:\/\/novosaopaulo.com.br\/n1\/wp-json\/"}],"wp:attachment":[{"href":"https:\/\/novosaopaulo.com.br\/n1\/wp-json\/wp\/v2\/media?parent=14654"}],"wp:term":[{"taxonomy":"category","embeddable":true,"href":"https:\/\/novosaopaulo.com.br\/n1\/wp-json\/wp\/v2\/categories?post=14654"},{"taxonomy":"post_tag","embeddable":true,"href":"https:\/\/novosaopaulo.com.br\/n1\/wp-json\/wp\/v2\/tags?post=14654"}],"curies":[{"name":"wp","href":"https:\/\/api.w.org\/{rel}","templated":true}]}}