{"id":14647,"date":"2023-09-04T18:38:19","date_gmt":"2023-09-04T21:38:19","guid":{"rendered":"https:\/\/novosaopaulo.com.br\/n2\/?p=14647"},"modified":"2023-09-04T18:38:19","modified_gmt":"2023-09-04T21:38:19","slug":"piu-e-nory-atletas-do-e-c-pinheiros-confirmam-que-irao-ao-pan-americano-de-santiago","status":"publish","type":"post","link":"https:\/\/novosaopaulo.com.br\/n1\/piu-e-nory-atletas-do-e-c-pinheiros-confirmam-que-irao-ao-pan-americano-de-santiago\/","title":{"rendered":"Piu e Nory, atletas do E. C. Pinheiros, confirmam que ir\u00e3o ao Pan-Americano de Santiago"},"content":{"rendered":"\n<p>A delega\u00e7\u00e3o brasileira que ir\u00e1 aos Jogos Pan-Americano do Chile, de 20 de outubro a 11 novembro, em Santiago, no Chile, ganhou a confirma\u00e7\u00e3o de dois dos maiores atletas do Pa\u00eds no momento, e ambos do Esporte Clube Pinheiros: o medalhista ol\u00edmpico Arthur Nory, da gin\u00e1stica art\u00edstica, e do campe\u00e3o mundial Alison \u2018Piu\u2019 dos Santos, do atletismo.<\/p>\n\n\n\n<p>Quinto colocado no Mundial de Budadeste, Hungria, este ano, medalha de bronze nos 400 m no Diamond league de Zurique, Sui\u00e7a, Piu permaneceu na Europa e volta a competir nas provas dos 400 m com barreiras pela Diamond League. E quer defender o t\u00edtulo conquistado h\u00e1 quatro anos.<\/p>\n\n\n\n<p>\u201cEstou feliz e grato por ter disputado o Mundial, poder competir com a rapaziada, e estar saud\u00e1vel\u201d, disse Piu, que sofreu uma contus\u00e3o e uma cirurgia no joelho direito em fevereiro deste ano. Ele havia disputado apenas duas provas antes do Mundial. \u201cQuero mostrar que estou bem. O objetivo no ano que vem \u00e9 Paris e eu volto mais r\u00e1pido e mais forte, completou o atleta do ECP.\u201d<\/p>\n\n\n\n<p>Piu n\u00e3o esconde que est\u00e1 feliz e otimista para as pr\u00f3ximas competi\u00e7\u00f5es que tem como prioridade no seu calend\u00e1rio. Uma delas \u00e9 o Pan-Americano do Chile, onde ir\u00e1 defender o t\u00edtulo de campe\u00e3o dos 400 m com barreiras, obtido em 2019, em Lima, no Peru, quando tinha apenas 19 anos. O paulista de S\u00e3o Joaquim da Barra, confirmou que seu objetivo \u00e9 buscar a medalha de ouro no Chile.<\/p>\n\n\n\n<p>Arthur Nory faz sua prepara\u00e7\u00e3o no Pinheiros, al\u00e9m de representar o clube nas competi\u00e7\u00f5es nacionais e o Brasil internacionalmente. Ele est\u00e1 motivado para o Pan de Santiago, mesmo porque, em 2019, foi campe\u00e3o por equipe e conquistou duas pratas, no individual geral e na barra.<\/p>\n\n\n\n<p>\u201cEstou me preparando muito, acredito que os jogos ser\u00e3o bem disputados por ser a maior competi\u00e7\u00e3o das Am\u00e9ricas, re\u00fane os melhores e j\u00e1 \u00e9 uma previa dos Jogos Ol\u00edmpicos de Paris. Como estaremos voltando do Pr\u00e9-Ol\u00edmpico Mundial, acredito que teremos uma equipe muito bem preparada\u201d, disse Nory.<\/p>\n\n\n\n<p>Atualmente, o atleta do E.C. Pinheiros treina no Rio de Janeiro, na fase final da prepara\u00e7\u00e3o para o Campeonato Mundial, que serve como Pr\u00e9-Ol\u00edmpico, onde cinco vagas ol\u00edmpicas ser\u00e3o preenchidas, no feminino e masculino.<\/p>\n\n\n\n<p>Foto &#8211; Piu, uma das esperan\u00e7as do atletismo brasileiro no Pan do Chile. Foto &#8211; arquivo pessoal<\/p>\n","protected":false},"excerpt":{"rendered":"<p>A delega\u00e7\u00e3o brasileira que ir\u00e1 aos Jogos Pan-Americano do Chile, de 20 de outubro a&#8230;<\/p>\n","protected":false},"author":1,"featured_media":14649,"comment_status":"open","ping_status":"open","sticky":false,"template":"","format":"standard","meta":{"footnotes":""},"categories":[2,35],"tags":[],"featured_image_urls":{"full":"","thumbnail":"","medium":"","medium_large":"","large":"","1536x1536":"","2048x2048":"","newsever-slider-full":"","newsever-featured":"","newsever-medium":""},"author_info":{"display_name":"Reda\u00e7\u00e3o","author_link":"https:\/\/novosaopaulo.com.br\/n1\/author\/g5poa\/"},"category_info":"<a href=\"https:\/\/novosaopaulo.com.br\/n1\/category\/cidades\/\" rel=\"category tag\">Cidades<\/a> <a href=\"https:\/\/novosaopaulo.com.br\/n1\/category\/esportes\/\" rel=\"category tag\">Esportes<\/a>","tag_info":"Esportes","comment_count":"0","_links":{"self":[{"href":"https:\/\/novosaopaulo.com.br\/n1\/wp-json\/wp\/v2\/posts\/14647"}],"collection":[{"href":"https:\/\/novosaopaulo.com.br\/n1\/wp-json\/wp\/v2\/posts"}],"about":[{"href":"https:\/\/novosaopaulo.com.br\/n1\/wp-json\/wp\/v2\/types\/post"}],"author":[{"embeddable":true,"href":"https:\/\/novosaopaulo.com.br\/n1\/wp-json\/wp\/v2\/users\/1"}],"replies":[{"embeddable":true,"href":"https:\/\/novosaopaulo.com.br\/n1\/wp-json\/wp\/v2\/comments?post=14647"}],"version-history":[{"count":0,"href":"https:\/\/novosaopaulo.com.br\/n1\/wp-json\/wp\/v2\/posts\/14647\/revisions"}],"wp:featuredmedia":[{"embeddable":true,"href":"https:\/\/novosaopaulo.com.br\/n1\/wp-json\/"}],"wp:attachment":[{"href":"https:\/\/novosaopaulo.com.br\/n1\/wp-json\/wp\/v2\/media?parent=14647"}],"wp:term":[{"taxonomy":"category","embeddable":true,"href":"https:\/\/novosaopaulo.com.br\/n1\/wp-json\/wp\/v2\/categories?post=14647"},{"taxonomy":"post_tag","embeddable":true,"href":"https:\/\/novosaopaulo.com.br\/n1\/wp-json\/wp\/v2\/tags?post=14647"}],"curies":[{"name":"wp","href":"https:\/\/api.w.org\/{rel}","templated":true}]}}