{"id":14441,"date":"2023-08-18T19:01:55","date_gmt":"2023-08-18T22:01:55","guid":{"rendered":"https:\/\/novosaopaulo.com.br\/n2\/?p=14441"},"modified":"2023-08-18T19:01:55","modified_gmt":"2023-08-18T22:01:55","slug":"populacao-poaense-opina-sobre-candidatos-a-prefeito","status":"publish","type":"post","link":"https:\/\/novosaopaulo.com.br\/n1\/populacao-poaense-opina-sobre-candidatos-a-prefeito\/","title":{"rendered":"Popula\u00e7\u00e3o poaense opina sobre candidatos a prefeito"},"content":{"rendered":"\n<p>A TV Cen\u00e1rio, uma TV online de Ferraz de Vasconcelos, divulgou o resultado de uma enquete sobre a prefer\u00eancia do eleitorado poaense para o cargo de prefeito nas pr\u00f3ximas elei\u00e7\u00f5es. Realizada pelas redes sociais, a enquete teve a participa\u00e7\u00e3o de 5.417 pessoas, que responderam a seguinte pergunta: \u201cSe a elei\u00e7\u00e3o em Po\u00e1 fosse hoje, em quem voc\u00ea votaria para prefeito?\u201d.<br \/>Em primeiro lugar ficou Saulo Souza, com 1984 votos, seguido por Fl\u00e1via Verdugo, com 1192 votos. Em terceiro ficou Diogo Pernoca, com 925 votos e em quarto, Gian Lopes, com 492 votos.<br \/>Os outros candidatos votados foram Geraldinho do Sindicato, 320 votos; M\u00e1rcia Bin, 170 votos; Padre Gesildo Soares, 149 votos; Naco Fantasia, 73 votos; Marquinhos Indai\u00e1, 68 votos e Jonny Mendes, 44 votos.<br \/>A enquete mostrou que n\u00e3o est\u00e1 definida a elei\u00e7\u00e3o em Po\u00e1 entre os nomes conhecidos, pelo contr\u00e1rio, a popula\u00e7\u00e3o est\u00e1 pendendo a votar em novos nomes que est\u00e3o se colocando para an\u00e1lise dos eleitores. Esse resultado s\u00f3 confirma a tend\u00eancia que est\u00e1 sendo vista na cidade, que a popula\u00e7\u00e3o poaense est\u00e1 cansada dos mesmos e quer dar uma oportunidade a um novo candidato.<br \/>Essa amostragem serve de balizamento para que tanto os pol\u00edticos, como os eleitores, saberem que n\u00e3o est\u00e1 nada definido e que tudo pode mudar.<br \/>L\u00f3gico que t\u00eam aqueles candidatos que est\u00e3o ao longo de anos trabalhando como candidatos a prefeitos e pensam estarem eleitos Acontece que alguns t\u00eam rejei\u00e7\u00f5es porque j\u00e1 foram prefeitos ou vereadores e n\u00e3o agradaram muito a popula\u00e7\u00e3o t\u00e3o desacreditada na classe pol\u00edtica.<br \/>Agora tudo pode mudar e estes mesmos candidatos que pensam estarem eleitos ter\u00e3o que correr atr\u00e1s dos preju\u00edzos. \u00c9 sabido que alguns j\u00e1 formaram ou est\u00e3o formando seus times loteando secretarias e demais cargos pol\u00edticos.<br \/>Com essa indefini\u00e7\u00e3o a coisa muda de figura e parece que o eleitor est\u00e1 mais esperto n\u00e3o se deixando levar pelo conto da sereia. Aguardemos!<\/p>\n","protected":false},"excerpt":{"rendered":"<p>A TV Cen\u00e1rio, uma TV online de Ferraz de Vasconcelos, divulgou o resultado de uma&#8230;<\/p>\n","protected":false},"author":1,"featured_media":14442,"comment_status":"open","ping_status":"open","sticky":false,"template":"","format":"standard","meta":{"footnotes":""},"categories":[34,8],"tags":[],"featured_image_urls":{"full":["https:\/\/novosaopaulo.com.br\/n1\/wp-content\/uploads\/2023\/08\/WhatsApp-Image-2023-08-18-at-18.42.22.jpeg",1080,1080,false],"thumbnail":["https:\/\/novosaopaulo.com.br\/n1\/wp-content\/uploads\/2023\/08\/WhatsApp-Image-2023-08-18-at-18.42.22-150x150.jpeg",150,150,true],"medium":["https:\/\/novosaopaulo.com.br\/n1\/wp-content\/uploads\/2023\/08\/WhatsApp-Image-2023-08-18-at-18.42.22-300x300.jpeg",300,300,true],"medium_large":["https:\/\/novosaopaulo.com.br\/n1\/wp-content\/uploads\/2023\/08\/WhatsApp-Image-2023-08-18-at-18.42.22-768x768.jpeg",640,640,true],"large":["https:\/\/novosaopaulo.com.br\/n1\/wp-content\/uploads\/2023\/08\/WhatsApp-Image-2023-08-18-at-18.42.22-1024x1024.jpeg",640,640,true],"1536x1536":["https:\/\/novosaopaulo.com.br\/n1\/wp-content\/uploads\/2023\/08\/WhatsApp-Image-2023-08-18-at-18.42.22.jpeg",1080,1080,false],"2048x2048":["https:\/\/novosaopaulo.com.br\/n1\/wp-content\/uploads\/2023\/08\/WhatsApp-Image-2023-08-18-at-18.42.22.jpeg",1080,1080,false],"newsever-slider-full":["https:\/\/novosaopaulo.com.br\/n1\/wp-content\/uploads\/2023\/08\/WhatsApp-Image-2023-08-18-at-18.42.22-1080x845.jpeg",1080,845,true],"newsever-featured":["https:\/\/novosaopaulo.com.br\/n1\/wp-content\/uploads\/2023\/08\/WhatsApp-Image-2023-08-18-at-18.42.22-1024x1024.jpeg",1024,1024,true],"newsever-medium":["https:\/\/novosaopaulo.com.br\/n1\/wp-content\/uploads\/2023\/08\/WhatsApp-Image-2023-08-18-at-18.42.22-720x475.jpeg",720,475,true]},"author_info":{"display_name":"Reda\u00e7\u00e3o","author_link":"https:\/\/novosaopaulo.com.br\/n1\/author\/g5poa\/"},"category_info":"<a href=\"https:\/\/novosaopaulo.com.br\/n1\/category\/alto-tiete\/\" rel=\"category tag\">Alto Tiet\u00ea<\/a> <a href=\"https:\/\/novosaopaulo.com.br\/n1\/category\/poa\/\" rel=\"category tag\">Po\u00e1<\/a>","tag_info":"Po\u00e1","comment_count":"0","_links":{"self":[{"href":"https:\/\/novosaopaulo.com.br\/n1\/wp-json\/wp\/v2\/posts\/14441"}],"collection":[{"href":"https:\/\/novosaopaulo.com.br\/n1\/wp-json\/wp\/v2\/posts"}],"about":[{"href":"https:\/\/novosaopaulo.com.br\/n1\/wp-json\/wp\/v2\/types\/post"}],"author":[{"embeddable":true,"href":"https:\/\/novosaopaulo.com.br\/n1\/wp-json\/wp\/v2\/users\/1"}],"replies":[{"embeddable":true,"href":"https:\/\/novosaopaulo.com.br\/n1\/wp-json\/wp\/v2\/comments?post=14441"}],"version-history":[{"count":0,"href":"https:\/\/novosaopaulo.com.br\/n1\/wp-json\/wp\/v2\/posts\/14441\/revisions"}],"wp:featuredmedia":[{"embeddable":true,"href":"https:\/\/novosaopaulo.com.br\/n1\/wp-json\/wp\/v2\/media\/14442"}],"wp:attachment":[{"href":"https:\/\/novosaopaulo.com.br\/n1\/wp-json\/wp\/v2\/media?parent=14441"}],"wp:term":[{"taxonomy":"category","embeddable":true,"href":"https:\/\/novosaopaulo.com.br\/n1\/wp-json\/wp\/v2\/categories?post=14441"},{"taxonomy":"post_tag","embeddable":true,"href":"https:\/\/novosaopaulo.com.br\/n1\/wp-json\/wp\/v2\/tags?post=14441"}],"curies":[{"name":"wp","href":"https:\/\/api.w.org\/{rel}","templated":true}]}}