{"id":14377,"date":"2023-08-14T19:26:38","date_gmt":"2023-08-14T22:26:38","guid":{"rendered":"https:\/\/novosaopaulo.com.br\/n2\/?p=14377"},"modified":"2023-08-14T19:26:38","modified_gmt":"2023-08-14T22:26:38","slug":"governo-de-sp-coordena-retomada-do-conselho-de-desenvolvimento-da-regiao-metropolitana","status":"publish","type":"post","link":"https:\/\/novosaopaulo.com.br\/n1\/governo-de-sp-coordena-retomada-do-conselho-de-desenvolvimento-da-regiao-metropolitana\/","title":{"rendered":"Governo de SP coordena retomada do Conselho de Desenvolvimento da Regi\u00e3o Metropolitana"},"content":{"rendered":"\n<p>Tarc\u00edsio de Freitas re\u00fane prefeitos de 39 cidades da Grande SP no Pal\u00e1cio dos Bandeirantes para discutir a\u00e7\u00f5es conjuntas em \u00e1reas como habita\u00e7\u00e3o, transporte e sa\u00fade<\/p>\n\n\n\n<p>O Governo do Estado recebeu nesta segunda-feira (14) autoridades de 39 cidades na retomada de reuni\u00f5es do Conselho de Desenvolvimento da Regi\u00e3o Metropolitana de S\u00e3o Paulo. O governador Tarc\u00edsio de Freitas afirmou que a meta \u00e9 buscar a\u00e7\u00f5es conjuntas com as prefeituras para otimizar a aplica\u00e7\u00e3o de pol\u00edticas p\u00fablicas e ampliar a oferta de servi\u00e7os estaduais e municipais em \u00e1reas como habita\u00e7\u00e3o, transporte, mobilidade urbana e sa\u00fade.<\/p>\n\n\n\n<p>\u201cN\u00f3s temos a quinta maior regi\u00e3o metropolitana do planeta, e os prefeitos que est\u00e3o aqui representam quase 22 milh\u00f5es de habitantes. Isso d\u00e1 ideia da dimens\u00e3o e da responsabilidade que esse conselho ter\u00e1\u201d, afirmou o governador. \u201cS\u00e3o desafios que esse grupo ter\u00e1 a partir de agora e precisamos de um instrumento vivo de planejamento urbano para poder enfrentar essas quest\u00f5es.\u201d<\/p>\n\n\n\n<p>A reuni\u00e3o de hoje foi a primeira do grupo desde o final de 2019. Na escolha da nova diretoria do Conselho, o prefeito de S\u00e3o Paulo, Ricardo Nunes, foi eleito presidente do grupo. J\u00e1 o Estado \u00e9 respons\u00e1vel pela secretaria executiva do conselho, por interm\u00e9dio da Secretaria de Desenvolvimento Urbano e Habita\u00e7\u00e3o, pasta comandada por Marcelo Branco.<\/p>\n\n\n\n<p>O encontro destacou o papel do Governo do Estado e das prefeituras na redu\u00e7\u00e3o das desigualdades regionais da Grande S\u00e3o Paulo. Nas pr\u00f3ximas reuni\u00f5es, autoridades estaduais e municipais dever\u00e3o elaborar propostas conjuntas para melhorias em setores priorit\u00e1rios, em especial o planejamento da ocupa\u00e7\u00e3o urbana e alternativas para retirar fam\u00edlias e comunidades de \u00e1reas de risco.<\/p>\n\n\n\n<p>As propostas ter\u00e3o como base as novas bases de dados de georreferenciamento e mapeamento aerofotogram\u00e9trico que ser\u00e3o disponibilizadas pelo Governo do Estado, al\u00e9m do censo demogr\u00e1fico 2022 do IBGE.<\/p>\n\n\n\n<p>A reuni\u00e3o tamb\u00e9m marcou a retomada de discuss\u00f5es para a vers\u00e3o final do Plano de Desenvolvimento Urbano Integrado (PDUI) que ser\u00e1 encaminhado para an\u00e1lise e vota\u00e7\u00e3o dos deputados estaduais \u2013 o presidente da Assembleia Legislativa do Estado de S\u00e3o Paulo, Andr\u00e9 do Prado, participou do evento. A implementa\u00e7\u00e3o do PDUI atende ao Estatuto da Metr\u00f3pole, lei federal sancionada em 2015 para todas as regi\u00f5es metropolitanas e aglomera\u00e7\u00f5es urbanas no Brasil.<\/p>\n\n\n\n<p>Atribui\u00e7\u00f5es<\/p>\n\n\n\n<p>Criado em 2011, o Conselho deve articular e promover a coopera\u00e7\u00e3o entre os munic\u00edpios da Regi\u00e3o Metropolitana de S\u00e3o Paulo em \u00e1reas de interesse comum e reduzir as desigualdades regionais.<\/p>\n\n\n\n<p>As reuni\u00f5es s\u00e3o p\u00fablicas e devem ocorrer a cada dois meses. Os integrantes tamb\u00e9m podem promover reuni\u00f5es extraordin\u00e1rias, de acordo com as regras estabelecidas pelo regimento.<\/p>\n\n\n\n<p>A atua\u00e7\u00e3o do Conselho leva em conta o interesse conjunto em setores como planejamento e uso do solo, transporte e sistema vi\u00e1rio regional, habita\u00e7\u00e3o e saneamento ambiental. Desenvolvimento econ\u00f4mico, atendimento social, esportes e lazer tamb\u00e9m fazem parte das an\u00e1lises do grupo.<\/p>\n\n\n\n<figure class=\"wp-block-gallery columns-2 is-cropped wp-block-gallery-1 is-layout-flex wp-block-gallery-is-layout-flex\"><ul class=\"blocks-gallery-grid\"><li class=\"blocks-gallery-item\"><figure><img fetchpriority=\"high\" decoding=\"async\" width=\"941\" height=\"1024\" src=\"https:\/\/novosaopaulo.com.br\/n2\/wp-content\/uploads\/2023\/08\/WhatsApp-Image-2023-08-14-at-18.26.15-941x1024.jpeg\" alt=\"\" data-id=\"14378\" data-full-url=\"https:\/\/novosaopaulo.com.br\/n2\/wp-content\/uploads\/2023\/08\/WhatsApp-Image-2023-08-14-at-18.26.15.jpeg\" data-link=\"https:\/\/novosaopaulo.com.br\/n2\/?attachment_id=14378\" class=\"wp-image-14378\" srcset=\"https:\/\/novosaopaulo.com.br\/n1\/wp-content\/uploads\/2023\/08\/WhatsApp-Image-2023-08-14-at-18.26.15-941x1024.jpeg 941w, https:\/\/novosaopaulo.com.br\/n1\/wp-content\/uploads\/2023\/08\/WhatsApp-Image-2023-08-14-at-18.26.15-276x300.jpeg 276w, https:\/\/novosaopaulo.com.br\/n1\/wp-content\/uploads\/2023\/08\/WhatsApp-Image-2023-08-14-at-18.26.15-768x836.jpeg 768w, https:\/\/novosaopaulo.com.br\/n1\/wp-content\/uploads\/2023\/08\/WhatsApp-Image-2023-08-14-at-18.26.15-1024x1115.jpeg 1024w, https:\/\/novosaopaulo.com.br\/n1\/wp-content\/uploads\/2023\/08\/WhatsApp-Image-2023-08-14-at-18.26.15.jpeg 1176w\" sizes=\"(max-width: 941px) 100vw, 941px\" \/><\/figure><\/li><li class=\"blocks-gallery-item\"><figure><img decoding=\"async\" width=\"1024\" height=\"1024\" src=\"https:\/\/novosaopaulo.com.br\/n2\/wp-content\/uploads\/2023\/08\/WhatsApp-Image-2023-08-14-at-18.25.01-1024x1024.jpeg\" alt=\"\" data-id=\"14379\" data-full-url=\"https:\/\/novosaopaulo.com.br\/n2\/wp-content\/uploads\/2023\/08\/WhatsApp-Image-2023-08-14-at-18.25.01.jpeg\" data-link=\"https:\/\/novosaopaulo.com.br\/n2\/?attachment_id=14379\" class=\"wp-image-14379\" srcset=\"https:\/\/novosaopaulo.com.br\/n1\/wp-content\/uploads\/2023\/08\/WhatsApp-Image-2023-08-14-at-18.25.01-1024x1024.jpeg 1024w, https:\/\/novosaopaulo.com.br\/n1\/wp-content\/uploads\/2023\/08\/WhatsApp-Image-2023-08-14-at-18.25.01-300x300.jpeg 300w, https:\/\/novosaopaulo.com.br\/n1\/wp-content\/uploads\/2023\/08\/WhatsApp-Image-2023-08-14-at-18.25.01-150x150.jpeg 150w, https:\/\/novosaopaulo.com.br\/n1\/wp-content\/uploads\/2023\/08\/WhatsApp-Image-2023-08-14-at-18.25.01-768x768.jpeg 768w, https:\/\/novosaopaulo.com.br\/n1\/wp-content\/uploads\/2023\/08\/WhatsApp-Image-2023-08-14-at-18.25.01-1536x1536.jpeg 1536w, https:\/\/novosaopaulo.com.br\/n1\/wp-content\/uploads\/2023\/08\/WhatsApp-Image-2023-08-14-at-18.25.01.jpeg 1600w\" sizes=\"(max-width: 1024px) 100vw, 1024px\" \/><\/figure><\/li><\/ul><\/figure>\n","protected":false},"excerpt":{"rendered":"<p>Tarc\u00edsio de Freitas re\u00fane prefeitos de 39 cidades da Grande SP no Pal\u00e1cio dos Bandeirantes&#8230;<\/p>\n","protected":false},"author":1,"featured_media":14380,"comment_status":"open","ping_status":"open","sticky":false,"template":"","format":"standard","meta":{"footnotes":""},"categories":[2],"tags":[],"featured_image_urls":{"full":["https:\/\/novosaopaulo.com.br\/n1\/wp-content\/uploads\/2023\/08\/WhatsApp-Image-2023-08-14-at-18.24.37.jpeg",1500,1000,false],"thumbnail":["https:\/\/novosaopaulo.com.br\/n1\/wp-content\/uploads\/2023\/08\/WhatsApp-Image-2023-08-14-at-18.24.37-150x150.jpeg",150,150,true],"medium":["https:\/\/novosaopaulo.com.br\/n1\/wp-content\/uploads\/2023\/08\/WhatsApp-Image-2023-08-14-at-18.24.37-300x200.jpeg",300,200,true],"medium_large":["https:\/\/novosaopaulo.com.br\/n1\/wp-content\/uploads\/2023\/08\/WhatsApp-Image-2023-08-14-at-18.24.37-768x512.jpeg",640,427,true],"large":["https:\/\/novosaopaulo.com.br\/n1\/wp-content\/uploads\/2023\/08\/WhatsApp-Image-2023-08-14-at-18.24.37-1024x683.jpeg",640,427,true],"1536x1536":["https:\/\/novosaopaulo.com.br\/n1\/wp-content\/uploads\/2023\/08\/WhatsApp-Image-2023-08-14-at-18.24.37.jpeg",1500,1000,false],"2048x2048":["https:\/\/novosaopaulo.com.br\/n1\/wp-content\/uploads\/2023\/08\/WhatsApp-Image-2023-08-14-at-18.24.37.jpeg",1500,1000,false],"newsever-slider-full":["https:\/\/novosaopaulo.com.br\/n1\/wp-content\/uploads\/2023\/08\/WhatsApp-Image-2023-08-14-at-18.24.37-1280x845.jpeg",1280,845,true],"newsever-featured":["https:\/\/novosaopaulo.com.br\/n1\/wp-content\/uploads\/2023\/08\/WhatsApp-Image-2023-08-14-at-18.24.37-1024x683.jpeg",1024,683,true],"newsever-medium":["https:\/\/novosaopaulo.com.br\/n1\/wp-content\/uploads\/2023\/08\/WhatsApp-Image-2023-08-14-at-18.24.37-720x475.jpeg",720,475,true]},"author_info":{"display_name":"Reda\u00e7\u00e3o","author_link":"https:\/\/novosaopaulo.com.br\/n1\/author\/g5poa\/"},"category_info":"<a href=\"https:\/\/novosaopaulo.com.br\/n1\/category\/cidades\/\" rel=\"category tag\">Cidades<\/a>","tag_info":"Cidades","comment_count":"0","_links":{"self":[{"href":"https:\/\/novosaopaulo.com.br\/n1\/wp-json\/wp\/v2\/posts\/14377"}],"collection":[{"href":"https:\/\/novosaopaulo.com.br\/n1\/wp-json\/wp\/v2\/posts"}],"about":[{"href":"https:\/\/novosaopaulo.com.br\/n1\/wp-json\/wp\/v2\/types\/post"}],"author":[{"embeddable":true,"href":"https:\/\/novosaopaulo.com.br\/n1\/wp-json\/wp\/v2\/users\/1"}],"replies":[{"embeddable":true,"href":"https:\/\/novosaopaulo.com.br\/n1\/wp-json\/wp\/v2\/comments?post=14377"}],"version-history":[{"count":0,"href":"https:\/\/novosaopaulo.com.br\/n1\/wp-json\/wp\/v2\/posts\/14377\/revisions"}],"wp:featuredmedia":[{"embeddable":true,"href":"https:\/\/novosaopaulo.com.br\/n1\/wp-json\/wp\/v2\/media\/14380"}],"wp:attachment":[{"href":"https:\/\/novosaopaulo.com.br\/n1\/wp-json\/wp\/v2\/media?parent=14377"}],"wp:term":[{"taxonomy":"category","embeddable":true,"href":"https:\/\/novosaopaulo.com.br\/n1\/wp-json\/wp\/v2\/categories?post=14377"},{"taxonomy":"post_tag","embeddable":true,"href":"https:\/\/novosaopaulo.com.br\/n1\/wp-json\/wp\/v2\/tags?post=14377"}],"curies":[{"name":"wp","href":"https:\/\/api.w.org\/{rel}","templated":true}]}}