{"id":14321,"date":"2023-08-11T13:02:59","date_gmt":"2023-08-11T16:02:59","guid":{"rendered":"https:\/\/novosaopaulo.com.br\/n2\/?p=14321"},"modified":"2023-08-11T13:02:59","modified_gmt":"2023-08-11T16:02:59","slug":"prefeito-prestigia-celebracao-dos-oito-anos-da-delegacia-de-defesa-da-mulher","status":"publish","type":"post","link":"https:\/\/novosaopaulo.com.br\/n1\/prefeito-prestigia-celebracao-dos-oito-anos-da-delegacia-de-defesa-da-mulher\/","title":{"rendered":"Prefeito prestigia celebra\u00e7\u00e3o dos oito anos da Delegacia de Defesa da Mulher"},"content":{"rendered":"\n<p>Refer\u00eancia no acolhimento a v\u00edtimas da viol\u00eancia dom\u00e9stica, espa\u00e7o est\u00e1 localizado na rua Presidente Nereu Ramos, regi\u00e3o central de Suzano<\/p>\n\n\n\n<p>O prefeito Rodrigo Ashiuchi prestigiou na manh\u00e3 desta quinta-feira (10\/08) o evento de celebra\u00e7\u00e3o dos oito anos de exist\u00eancia da Delegacia de Defesa da Mulher (DDM) de Suzano. Situado na rua Presidente Nereu Ramos, regi\u00e3o central da cidade, o espa\u00e7o \u00e9 refer\u00eancia na prote\u00e7\u00e3o \u00e0s mulheres v\u00edtimas de viol\u00eancia dom\u00e9stica, seja ela f\u00edsica, moral ou sexual, contabilizando cerca de 1,1 mil atendimentos anuais por meio da equipe liderada pela delegada Silmara Marcelino.<\/p>\n\n\n\n<p>Acompanhado pela presidente do Fundo Social de Solidariedade, a primeira-dama Larissa Ashiuchi; do chefe de Gabinete e secret\u00e1rio de Seguran\u00e7a Cidad\u00e3, Afr\u00e2nio Evaristo da Silva; e da secret\u00e1ria municipal de Administra\u00e7\u00e3o, Cintia Renata Lira, o prefeito visitou a unidade para agradecer a presteza e os servi\u00e7os realizados no local, sendo recebido pela delegada Silmara e pela coordenadora da Sala Rosa, Maria Margarida Mesquita.<\/p>\n\n\n\n<p>Criada em agosto de 2015 pela Pol\u00edcia Civil, a DDM realiza um atendimento indispens\u00e1vel \u00e0s mulheres v\u00edtimas da viol\u00eancia, estando \u00e0 disposi\u00e7\u00e3o de segunda a sexta-feira, das 9 \u00e0s 18 horas. O equipamento se tornou um sin\u00f4nimo de celeridade e apoio, contabilizando cerca de 8,8 mil atendimentos desde ent\u00e3o.<\/p>\n\n\n\n<p>Para o secret\u00e1rio de Seguran\u00e7a Cidad\u00e3, a parceria da Patrulha Maria da Penha, grupamento da Guarda Civil Municipal (GCM) de Suzano, com a delegacia representa o compromisso cont\u00ednuo na busca pela garantia de direitos das mulheres. \u201cTrabalhar por uma cidade mais segura \u00e9 fundamental, pois este \u00e9 um compromisso refor\u00e7ado pelos oito anos deste equipamento que, desde de sua consolida\u00e7\u00e3o, funciona de forma plena\u201d, relatou Silva.<\/p>\n\n\n\n<p>Por sua vez, a primeira-dama afirmou que as mulheres n\u00e3o devem se calar e que o objetivo da DDM tamb\u00e9m \u00e9 o de garantir o direito \u00e0 fala. \u201cN\u00f3s n\u00e3o podemos admitir viol\u00eancia f\u00edsica ou verbal em hip\u00f3tese alguma e, por isso, conferir um acompanhamento especializado em casos marcados por atitudes covardes \u00e9 essencial. Por tudo que \u00e9 feito neste ambiente, parabenizo a doutora Silmara e a doutora Margarida por dar voz \u00e0s mulheres. Estaremos \u00e0 disposi\u00e7\u00e3o para contribuir com o que for necess\u00e1rio\u201d, destacou Larissa.<\/p>\n\n\n\n<p>Segundo o chefe do Poder Executivo suzanense, um dos maiores destaques dos oito anos de atua\u00e7\u00e3o do servi\u00e7o \u00e9 a humaniza\u00e7\u00e3o dos atendimentos e o constante aux\u00edlio a quem mais precisa. \u201cUm dos nossos grandes objetivos enquanto gest\u00e3o \u00e9 promover a tranquilidade para que todos possam viver sua rotina de forma tranquila e segura. Neste contexto, esta delegacia se prova um importante aparato na promo\u00e7\u00e3o da paz, algo que podemos agradecer grandemente \u00e0s amigas Silmara e Maria Margarida, sempre dispostas a agir em favor das mulheres\u201d, pontuou Ashiuchi.<\/p>\n\n\n\n<p>Ainda participaram do evento o presidente do Fundo Metropolitano de Financiamento e Investimento (Fumefi) e 1\u00ba comendador de Suzano, o ex-deputado Estevam Galv\u00e3o de Oliveira; sua esposa, Viviane Galv\u00e3o; a vereadora Gerice Lione; a diretora do Procon Suzano, Daniela Itice; a comandante da GCM, Tatiane Orita; o titular da Delegacia Central de Pol\u00edcia, Sergio Garutti; o presidente da 55\u00ba Subse\u00e7\u00e3o da Ordem dos Advogados do Brasil (OAB Suzano), Fabr\u00edcio Ciconi Tsutsui; e a secret\u00e1ria de Seguran\u00e7a Urbana de Itaquaquecetuba, Daniela Freitas.<\/p>\n\n\n\n<p>Aparato<\/p>\n\n\n\n<p>Al\u00e9m da delegacia especializada e da Sala Rosa, a cidade ainda conta com a Patrulha Maria da Penha, da GCM, voltada para a vigil\u00e2ncia e o combate a situa\u00e7\u00f5es de abuso e viol\u00eancia dom\u00e9stica, cuja coordena\u00e7\u00e3o \u00e9 feita pela agente Jaqueline Ferreira. Outra importante entidade \u00e9 o Conselho Municipal dos Direitos da Mulher (CMDM), um colegiado presidido pela advogada La\u00eds Matos que une o Poder P\u00fablico e a sociedade civil em busca de solu\u00e7\u00f5es e alternativas em prol da causa feminina.<\/p>\n\n\n\n<p>Cr\u00e9dito das fotos: Wanderley Costa\/Secop Suzano<\/p>\n","protected":false},"excerpt":{"rendered":"<p>Refer\u00eancia no acolhimento a v\u00edtimas da viol\u00eancia dom\u00e9stica, espa\u00e7o est\u00e1 localizado na rua Presidente Nereu&#8230;<\/p>\n","protected":false},"author":1,"featured_media":14322,"comment_status":"open","ping_status":"open","sticky":false,"template":"","format":"standard","meta":{"footnotes":""},"categories":[2],"tags":[],"featured_image_urls":{"full":["https:\/\/novosaopaulo.com.br\/n1\/wp-content\/uploads\/2023\/08\/WC-1.jpg",600,400,false],"thumbnail":["https:\/\/novosaopaulo.com.br\/n1\/wp-content\/uploads\/2023\/08\/WC-1-150x150.jpg",150,150,true],"medium":["https:\/\/novosaopaulo.com.br\/n1\/wp-content\/uploads\/2023\/08\/WC-1-300x200.jpg",300,200,true],"medium_large":["https:\/\/novosaopaulo.com.br\/n1\/wp-content\/uploads\/2023\/08\/WC-1.jpg",600,400,false],"large":["https:\/\/novosaopaulo.com.br\/n1\/wp-content\/uploads\/2023\/08\/WC-1.jpg",600,400,false],"1536x1536":["https:\/\/novosaopaulo.com.br\/n1\/wp-content\/uploads\/2023\/08\/WC-1.jpg",600,400,false],"2048x2048":["https:\/\/novosaopaulo.com.br\/n1\/wp-content\/uploads\/2023\/08\/WC-1.jpg",600,400,false],"newsever-slider-full":["https:\/\/novosaopaulo.com.br\/n1\/wp-content\/uploads\/2023\/08\/WC-1.jpg",600,400,false],"newsever-featured":["https:\/\/novosaopaulo.com.br\/n1\/wp-content\/uploads\/2023\/08\/WC-1.jpg",600,400,false],"newsever-medium":["https:\/\/novosaopaulo.com.br\/n1\/wp-content\/uploads\/2023\/08\/WC-1.jpg",600,400,false]},"author_info":{"display_name":"Reda\u00e7\u00e3o","author_link":"https:\/\/novosaopaulo.com.br\/n1\/author\/g5poa\/"},"category_info":"<a href=\"https:\/\/novosaopaulo.com.br\/n1\/category\/cidades\/\" rel=\"category tag\">Cidades<\/a>","tag_info":"Cidades","comment_count":"0","_links":{"self":[{"href":"https:\/\/novosaopaulo.com.br\/n1\/wp-json\/wp\/v2\/posts\/14321"}],"collection":[{"href":"https:\/\/novosaopaulo.com.br\/n1\/wp-json\/wp\/v2\/posts"}],"about":[{"href":"https:\/\/novosaopaulo.com.br\/n1\/wp-json\/wp\/v2\/types\/post"}],"author":[{"embeddable":true,"href":"https:\/\/novosaopaulo.com.br\/n1\/wp-json\/wp\/v2\/users\/1"}],"replies":[{"embeddable":true,"href":"https:\/\/novosaopaulo.com.br\/n1\/wp-json\/wp\/v2\/comments?post=14321"}],"version-history":[{"count":0,"href":"https:\/\/novosaopaulo.com.br\/n1\/wp-json\/wp\/v2\/posts\/14321\/revisions"}],"wp:featuredmedia":[{"embeddable":true,"href":"https:\/\/novosaopaulo.com.br\/n1\/wp-json\/wp\/v2\/media\/14322"}],"wp:attachment":[{"href":"https:\/\/novosaopaulo.com.br\/n1\/wp-json\/wp\/v2\/media?parent=14321"}],"wp:term":[{"taxonomy":"category","embeddable":true,"href":"https:\/\/novosaopaulo.com.br\/n1\/wp-json\/wp\/v2\/categories?post=14321"},{"taxonomy":"post_tag","embeddable":true,"href":"https:\/\/novosaopaulo.com.br\/n1\/wp-json\/wp\/v2\/tags?post=14321"}],"curies":[{"name":"wp","href":"https:\/\/api.w.org\/{rel}","templated":true}]}}