{"id":14309,"date":"2023-08-11T12:56:20","date_gmt":"2023-08-11T15:56:20","guid":{"rendered":"https:\/\/novosaopaulo.com.br\/n2\/?p=14309"},"modified":"2023-08-11T12:56:20","modified_gmt":"2023-08-11T15:56:20","slug":"roberto-giannetti-lanca-livro-de-memorias-no-dia-15-08-em-sao-paulo","status":"publish","type":"post","link":"https:\/\/novosaopaulo.com.br\/n1\/roberto-giannetti-lanca-livro-de-memorias-no-dia-15-08-em-sao-paulo\/","title":{"rendered":"Roberto Giannetti lan\u00e7a livro de mem\u00f3rias no dia 15\/08 em S\u00e3o Paulo"},"content":{"rendered":"\n<p><em>Lan\u00e7amento da Matrix Editora resgata a contribui\u00e7\u00e3o de um dos maiores economistas do Brasil para acontecimentos que marcaram a hist\u00f3ria do pa\u00eds<\/em><\/p>\n\n\n\n<p>No pr\u00f3ximo dia 15 de agosto, o economista&nbsp;<strong>Roberto&nbsp;Giannetti&nbsp;da Fonseca&nbsp;<\/strong>lan\u00e7a na cidade de S\u00e3o Paulo o livro&nbsp;<strong>Pen\u00faltimas Mem\u00f3rias<\/strong>, publicado pela Matrix Editora<strong><em>.<\/em><\/strong><\/p>\n\n\n\n<p>A obra&nbsp;revisita a jornada \u00fanica de vida de&nbsp;Giannetti&nbsp;e revela os bastidores de acontecimentos que marcaram a hist\u00f3ria pol\u00edtica e econ\u00f4mica do pa\u00eds.<\/p>\n\n\n\n<p>O economista foi Secret\u00e1rio Executivo da C\u00e2mara de Com\u00e9rcio Exterior (CAMEX), no governo de Fernando Henrique Cardoso, e diretor de Rela\u00e7\u00f5es Internacionais e Com\u00e9rcio Exterior da FIESP.<\/p>\n\n\n\n<p>Uma das principais lideran\u00e7as do movimento de abertura do Brasil para o mercado internacional, o economista detalha reuni\u00f5es ministeriais e miss\u00f5es oficiais ao exterior.<\/p>\n\n\n\n<p>Os momentos de crise, em que precisou agir com dedica\u00e7\u00e3o e esp\u00edrito p\u00fablico, tamb\u00e9m ganham destaque nas p\u00e1ginas dessa obra que n\u00e3o tem o intuito de ser uma biografia e nem marcar o ponto final de uma trajet\u00f3ria de sucesso e grandes realiza\u00e7\u00f5es.<\/p>\n\n\n\n<p>O lan\u00e7amento acontece a partir das 18h, no Solar F\u00e1bio Prado, e contar\u00e1 com sess\u00e3o de aut\u00f3grafos.<\/p>\n\n\n\n<p><strong>Servi\u00e7o<\/strong><\/p>\n\n\n\n<ul><li><strong>O que:&nbsp;<\/strong>Noite de aut\u00f3grafos do livro \u201cPen\u00faltimas Mem\u00f3rias\u201d de&nbsp;Roberto&nbsp;Giannetti&nbsp;da Fonseca<\/li><li><strong>Quando:&nbsp;<\/strong>15\/08 (ter\u00e7a-feira), \u00e0s 18h<\/li><li><strong>Onde:<\/strong>&nbsp;Solar F\u00e1bio Prado,&nbsp;Av. Brig. Faria Lima, 2705 &#8211; Jardim Paulistano, S\u00e3o Paulo &#8211; SP, 01452-000<\/li><\/ul>\n\n\n\n<p><strong>Sinopse do livro<\/strong><\/p>\n\n\n\n<p><strong>Pen\u00faltimas Mem\u00f3rias<\/strong>&nbsp;\u00e9 um livro sobre o poder das ideias, a arte de propor sonhos e o valor da iniciativa de um esfor\u00e7ado e atento participante da vida nacional, muito criativo na busca de solu\u00e7\u00f5es para os desafiantes problemas que lhe chegam ao conhecimento, e um exemplo de esp\u00edrito p\u00fablico, sobretudo em suas atividades privadas. Comp\u00f5em o mosaico dessas mem\u00f3rias epis\u00f3dios de sua trajet\u00f3ria frente \u00e0 C\u00e2mara de Com\u00e9rcio Exterior (Camex), no governo FHC, que retratam momentos de relev\u00e2ncia na economia nacional e internacional, tais como bastidores de reuni\u00f5es ministeriais e de crises cambiais e diplom\u00e1ticas vividas de perto pelo autor. Seu estilo liter\u00e1rio talvez pudesse ser comparado na atualidade ao streaming do cinema na era digital, no qual epis\u00f3dios e temporadas se sucedem numa maratona cronol\u00f3gica de narrativas entrela\u00e7adas. Alguns cap\u00edtulos trazem revela\u00e7\u00f5es in\u00e9ditas, como o que trata do cartel de c\u00e2mbio ou o que relata os bastidores da reestrutura\u00e7\u00e3o da d\u00edvida externa argentina em 2015 e 2016. Mais do que um simples relato pessoal de fatos e dados, o autor procura na sua obra transmitir aos leitores uma imagem de confian\u00e7a e supera\u00e7\u00e3o, na capacidade pessoal de cada um para superar as adversidades e relativizar as vit\u00f3rias obtidas no transcurso da vida.<\/p>\n","protected":false},"excerpt":{"rendered":"<p>Lan\u00e7amento da Matrix Editora resgata a contribui\u00e7\u00e3o de um dos maiores economistas do Brasil para&#8230;<\/p>\n","protected":false},"author":1,"featured_media":14310,"comment_status":"open","ping_status":"open","sticky":false,"template":"","format":"standard","meta":{"footnotes":""},"categories":[45,9],"tags":[],"featured_image_urls":{"full":["https:\/\/novosaopaulo.com.br\/n1\/wp-content\/uploads\/2023\/08\/Penultimas-memorias-300.jpg",377,542,false],"thumbnail":["https:\/\/novosaopaulo.com.br\/n1\/wp-content\/uploads\/2023\/08\/Penultimas-memorias-300-150x150.jpg",150,150,true],"medium":["https:\/\/novosaopaulo.com.br\/n1\/wp-content\/uploads\/2023\/08\/Penultimas-memorias-300-209x300.jpg",209,300,true],"medium_large":["https:\/\/novosaopaulo.com.br\/n1\/wp-content\/uploads\/2023\/08\/Penultimas-memorias-300.jpg",377,542,false],"large":["https:\/\/novosaopaulo.com.br\/n1\/wp-content\/uploads\/2023\/08\/Penultimas-memorias-300.jpg",377,542,false],"1536x1536":["https:\/\/novosaopaulo.com.br\/n1\/wp-content\/uploads\/2023\/08\/Penultimas-memorias-300.jpg",377,542,false],"2048x2048":["https:\/\/novosaopaulo.com.br\/n1\/wp-content\/uploads\/2023\/08\/Penultimas-memorias-300.jpg",377,542,false],"newsever-slider-full":["https:\/\/novosaopaulo.com.br\/n1\/wp-content\/uploads\/2023\/08\/Penultimas-memorias-300.jpg",377,542,false],"newsever-featured":["https:\/\/novosaopaulo.com.br\/n1\/wp-content\/uploads\/2023\/08\/Penultimas-memorias-300.jpg",377,542,false],"newsever-medium":["https:\/\/novosaopaulo.com.br\/n1\/wp-content\/uploads\/2023\/08\/Penultimas-memorias-300-377x475.jpg",377,475,true]},"author_info":{"display_name":"Reda\u00e7\u00e3o","author_link":"https:\/\/novosaopaulo.com.br\/n1\/author\/g5poa\/"},"category_info":"<a href=\"https:\/\/novosaopaulo.com.br\/n1\/category\/cultura\/\" rel=\"category tag\">Cultura<\/a> <a href=\"https:\/\/novosaopaulo.com.br\/n1\/category\/geral\/\" rel=\"category tag\">Geral<\/a>","tag_info":"Geral","comment_count":"0","_links":{"self":[{"href":"https:\/\/novosaopaulo.com.br\/n1\/wp-json\/wp\/v2\/posts\/14309"}],"collection":[{"href":"https:\/\/novosaopaulo.com.br\/n1\/wp-json\/wp\/v2\/posts"}],"about":[{"href":"https:\/\/novosaopaulo.com.br\/n1\/wp-json\/wp\/v2\/types\/post"}],"author":[{"embeddable":true,"href":"https:\/\/novosaopaulo.com.br\/n1\/wp-json\/wp\/v2\/users\/1"}],"replies":[{"embeddable":true,"href":"https:\/\/novosaopaulo.com.br\/n1\/wp-json\/wp\/v2\/comments?post=14309"}],"version-history":[{"count":0,"href":"https:\/\/novosaopaulo.com.br\/n1\/wp-json\/wp\/v2\/posts\/14309\/revisions"}],"wp:featuredmedia":[{"embeddable":true,"href":"https:\/\/novosaopaulo.com.br\/n1\/wp-json\/wp\/v2\/media\/14310"}],"wp:attachment":[{"href":"https:\/\/novosaopaulo.com.br\/n1\/wp-json\/wp\/v2\/media?parent=14309"}],"wp:term":[{"taxonomy":"category","embeddable":true,"href":"https:\/\/novosaopaulo.com.br\/n1\/wp-json\/wp\/v2\/categories?post=14309"},{"taxonomy":"post_tag","embeddable":true,"href":"https:\/\/novosaopaulo.com.br\/n1\/wp-json\/wp\/v2\/tags?post=14309"}],"curies":[{"name":"wp","href":"https:\/\/api.w.org\/{rel}","templated":true}]}}