{"id":14208,"date":"2023-08-01T11:58:57","date_gmt":"2023-08-01T14:58:57","guid":{"rendered":"https:\/\/novosaopaulo.com.br\/n2\/?p=14208"},"modified":"2023-08-01T11:58:57","modified_gmt":"2023-08-01T14:58:57","slug":"racionalismo-cristao-crescimento-espiritual-ao-alcance-de-cada-um","status":"publish","type":"post","link":"https:\/\/novosaopaulo.com.br\/n1\/racionalismo-cristao-crescimento-espiritual-ao-alcance-de-cada-um\/","title":{"rendered":"Racionalismo Crist\u00e3o. Crescimento Espiritual ao alcance de cada um"},"content":{"rendered":"\n<p>O Racionalismo Crist\u00e3o expressa, nesse t\u00edtulo, a conjuga\u00e7\u00e3o de duas pr\u00e1ticas sublimadas. Racionalismo \u00e9 palavra ligada ao procedimento racional que todos deveriam adotar, pois origina-se tal procedimento no racioc\u00ednio e na raz\u00e3o. Raciocinar \u00e9 promover bases s\u00f3lidas para as convic\u00e7\u00f5es verdadeiras, \u00e9 desvendar, \u00e9 encontrar o que se procura no emaranhado das ideias. A palavra &#8220;Crist\u00e3o&#8221; associada a &#8220;Racionalismo&#8221; completa o sentido revelador dessa filosofia espiritualista. Ser crist\u00e3o e racionalista \u00e9 viver a vida terrena sob normas espiritualistas do mais alto padr\u00e3o; \u00e9 saber preparar o esp\u00edrito para a vida presente e futura, ap\u00f3s o desenlace do corpo f\u00edsico. \u00c9 em Antonio Cottas, consolidador do Racionalismo Crist\u00e3o que encontramos essa explica\u00e7\u00e3o do que \u00e9 esta filosofia espiritualista que est\u00e1 \u00e0 disposi\u00e7\u00e3o de todos e todas. Neste sistema evolutivo do Plano Terra, em que a vida se apresenta de forma tormentosa, onde as pessoas se veem mergulhadas num oceano de ang\u00fastias, porque n\u00e3o apoiar-se em conhecimentos espirituais \u00fateis, verdadeiros e pr\u00e1ticos, que livram-nos de caminhar pela vida \u00e0s escuras?<br \/>O Racionalismo Crist\u00e3o oferece generosa e gratuitamente essa oportunidade. A regi\u00e3o do Alto Tiet\u00ea tamb\u00e9m est\u00e1 contemplada com a exist\u00eancia de um N\u00facleo de Estudos do Racionalismo Crist\u00e3o na cidade de Itaquaquecetuba, que realiza reuni\u00f5es, de forma presencial e \u00e0 dist\u00e2ncia. Ao longo do m\u00eas de agosto o N\u00facleo de Itaqu\u00e1 promover\u00e1 encontros de estudos sobre os temas: a mulher, os relacionamentos, os jovens e as crian\u00e7as, que ser\u00e3o abordados da perspectiva espiritualista. Participe. Os encontros acontecer\u00e3o todas \u00e0s sextas-feiras das 19h \u00e0s 19h30. A participa\u00e7\u00e3o \u00e9 gratuita e o hor\u00e1rio de entrada do p\u00fablico \u00e9 das 18h30 at\u00e9 \u00e0s 18h58. O endere\u00e7o \u00e9 Avenida Jo\u00e3o Fernandes da Silva, 393 &#8211; Centro &#8211; Itaquaquecetuba. Entre em contato pelo whatsapp 11 94333-7627 para obter mais informa\u00e7\u00f5es.<\/p>\n\n\n\n<p>Professora Ivanise Monfredini, doutora em Educa\u00e7\u00e3o e coordenadora do N\u00facleo de Estudos do Racionalismo Crist\u00e3o em Itaquaquecetuba.<\/p>\n","protected":false},"excerpt":{"rendered":"<p>O Racionalismo Crist\u00e3o expressa, nesse t\u00edtulo, a conjuga\u00e7\u00e3o de duas pr\u00e1ticas sublimadas. Racionalismo \u00e9 palavra&#8230;<\/p>\n","protected":false},"author":1,"featured_media":14209,"comment_status":"open","ping_status":"open","sticky":false,"template":"","format":"standard","meta":{"footnotes":""},"categories":[9],"tags":[],"featured_image_urls":{"full":["https:\/\/novosaopaulo.com.br\/n1\/wp-content\/uploads\/2023\/08\/filial-sao-paulo.jpg",598,399,false],"thumbnail":["https:\/\/novosaopaulo.com.br\/n1\/wp-content\/uploads\/2023\/08\/filial-sao-paulo-150x150.jpg",150,150,true],"medium":["https:\/\/novosaopaulo.com.br\/n1\/wp-content\/uploads\/2023\/08\/filial-sao-paulo-300x200.jpg",300,200,true],"medium_large":["https:\/\/novosaopaulo.com.br\/n1\/wp-content\/uploads\/2023\/08\/filial-sao-paulo.jpg",598,399,false],"large":["https:\/\/novosaopaulo.com.br\/n1\/wp-content\/uploads\/2023\/08\/filial-sao-paulo.jpg",598,399,false],"1536x1536":["https:\/\/novosaopaulo.com.br\/n1\/wp-content\/uploads\/2023\/08\/filial-sao-paulo.jpg",598,399,false],"2048x2048":["https:\/\/novosaopaulo.com.br\/n1\/wp-content\/uploads\/2023\/08\/filial-sao-paulo.jpg",598,399,false],"newsever-slider-full":["https:\/\/novosaopaulo.com.br\/n1\/wp-content\/uploads\/2023\/08\/filial-sao-paulo.jpg",598,399,false],"newsever-featured":["https:\/\/novosaopaulo.com.br\/n1\/wp-content\/uploads\/2023\/08\/filial-sao-paulo.jpg",598,399,false],"newsever-medium":["https:\/\/novosaopaulo.com.br\/n1\/wp-content\/uploads\/2023\/08\/filial-sao-paulo.jpg",598,399,false]},"author_info":{"display_name":"Reda\u00e7\u00e3o","author_link":"https:\/\/novosaopaulo.com.br\/n1\/author\/g5poa\/"},"category_info":"<a href=\"https:\/\/novosaopaulo.com.br\/n1\/category\/geral\/\" rel=\"category tag\">Geral<\/a>","tag_info":"Geral","comment_count":"0","_links":{"self":[{"href":"https:\/\/novosaopaulo.com.br\/n1\/wp-json\/wp\/v2\/posts\/14208"}],"collection":[{"href":"https:\/\/novosaopaulo.com.br\/n1\/wp-json\/wp\/v2\/posts"}],"about":[{"href":"https:\/\/novosaopaulo.com.br\/n1\/wp-json\/wp\/v2\/types\/post"}],"author":[{"embeddable":true,"href":"https:\/\/novosaopaulo.com.br\/n1\/wp-json\/wp\/v2\/users\/1"}],"replies":[{"embeddable":true,"href":"https:\/\/novosaopaulo.com.br\/n1\/wp-json\/wp\/v2\/comments?post=14208"}],"version-history":[{"count":0,"href":"https:\/\/novosaopaulo.com.br\/n1\/wp-json\/wp\/v2\/posts\/14208\/revisions"}],"wp:featuredmedia":[{"embeddable":true,"href":"https:\/\/novosaopaulo.com.br\/n1\/wp-json\/wp\/v2\/media\/14209"}],"wp:attachment":[{"href":"https:\/\/novosaopaulo.com.br\/n1\/wp-json\/wp\/v2\/media?parent=14208"}],"wp:term":[{"taxonomy":"category","embeddable":true,"href":"https:\/\/novosaopaulo.com.br\/n1\/wp-json\/wp\/v2\/categories?post=14208"},{"taxonomy":"post_tag","embeddable":true,"href":"https:\/\/novosaopaulo.com.br\/n1\/wp-json\/wp\/v2\/tags?post=14208"}],"curies":[{"name":"wp","href":"https:\/\/api.w.org\/{rel}","templated":true}]}}