{"id":999,"date":"2020-04-22T00:02:58","date_gmt":"2020-04-22T03:02:58","guid":{"rendered":"http:\/\/novosaopaulo.com.br\/?p=999"},"modified":"2020-04-22T00:02:58","modified_gmt":"2020-04-22T03:02:58","slug":"crise-mundial-do-virus-tem-razao-espiritual","status":"publish","type":"post","link":"https:\/\/novosaopaulo.com.br\/index.php\/2020\/04\/22\/crise-mundial-do-virus-tem-razao-espiritual\/","title":{"rendered":"Crise mundial do v\u00edrus tem raz\u00e3o espiritual"},"content":{"rendered":"\n<p>N\u00e3o pensem que o Corona v\u00edrus que atingiu todo o planeta, assolando uns mais e outros menos, tenha como causa algo natural ou fabricado na China, como dizem alguns. A coisa \u00e9 muito mais s\u00e9ria e ampla.&nbsp; Basta ler as Escrituras, conhecer um pouco sobre a evolu\u00e7\u00e3o espiritual, para se saber que no lugar de uma guerra com armas fatais, metade da humanidade j\u00e1 teria sido exterminada.<\/p>\n\n\n\n<p>&nbsp;&nbsp;&nbsp;&nbsp;&nbsp;&nbsp;&nbsp;&nbsp; Ao contr\u00e1rio disso, Deus Onipotente, Misericordioso como \u00e9, ofereceu uma pandemia, que poderia ser chamada de peste, para alertar a humanidade de que n\u00e3o \u00e9 mais poss\u00edvel viver essa total desigualdade social entre pessoas do mesmo pa\u00eds. Enquanto uns vivem e dormem em colch\u00f5es de dinheiro, outros n\u00e3o tem sequer um p\u00e3o para se alimentar.<\/p>\n\n\n\n<p>&nbsp;&nbsp;&nbsp;&nbsp;&nbsp;&nbsp;&nbsp;&nbsp; Irm\u00e3os matando irm\u00e3os, como se v\u00ea na S\u00edria e em outros pa\u00edses do mesmo sistema. Diariamente centenas de idosos, com crian\u00e7as inocentes caminham pelo deserto a procura de abrigo, muitos no entanto acabam morrendo pelo caminho de fome ou de frio.<\/p>\n\n\n\n<p>&nbsp;&nbsp;&nbsp;&nbsp;&nbsp;&nbsp;&nbsp;&nbsp; Pa\u00edses ricos financeiramente se enriquecem cada vez mais e produzem armamentos b\u00e9licos, cada pressionando da maneira que lhe \u00e9 poss\u00edvel. Mas, nem todo o dinheiro do mundo \u00e9 o suficiente para livrar-se desse V\u00edrus e muitos est\u00e3o morrendo e outros ainda morrer\u00e3o. Agora, tocados pelo Corona v\u00edrus, rezam, apelam a Deus, fazem promessas a Cristo e seus Santos Protetores, mas at\u00e9 pouco tempo nem sabiam orar o Pai Nosso, aprendem r\u00e1pido.<\/p>\n\n\n\n<p>&nbsp;&nbsp;&nbsp;&nbsp;&nbsp;&nbsp;&nbsp;&nbsp; Quer queiram acreditar ou n\u00e3o, este \u00e9 um aviso dos Esp\u00edritos Iluminados. Mais um ou no m\u00e1ximo dois meses, o mundo vai parar de sofrer tanto. Mas at\u00e9 l\u00e1 muitas perdas ainda v\u00e3o ocorrer. \u00c9 um aviso. Devemos ser mais humanit\u00e1rios, que \u00e9 muito diferente de sermos humanos. Deus \u00e9 o nosso Criador. Cristo, o teu Filho, foi concebido a semelhan\u00e7a do homem para j\u00e1 naquela \u00e9poca, salvar a humanidade.<\/p>\n\n\n\n<p>&nbsp;&nbsp;&nbsp;&nbsp;&nbsp;&nbsp;&nbsp;&nbsp; Portanto \u00e9 chegado o momento de termos mais Deus no cora\u00e7\u00e3o, n\u00e3o apenas hoje, mas sempre. F\u00e9, nas Palavras de Cristo e pensar menos em cada um individualmente, mas cuidar do todo, exercendo a caridade, o respeito pelas diferen\u00e7as e viver no amor.<\/p>\n\n\n\n<p>Pensem nisso. Tudo est\u00e1 escrito. Tudo vai passar porque Deus quer assim. Nunca teve a inten\u00e7\u00e3o de destruir o Planeta. O homem morto, ter\u00e1 seu Espirito recolhido para reencontrar seus entes queridos e reencarnar para cumprir a miss\u00e3o da Purifica\u00e7\u00e3o.<strong>(Ramon Ruiz \u00e9 Jornalista Profissional, foi Vereador, \u00e9 Advogado e Procurador do Estado aposentado)<\/strong>&nbsp;<\/p>\n","protected":false},"excerpt":{"rendered":"<div class=\"mh-excerpt\"><p>N\u00e3o pensem que o Corona v\u00edrus que atingiu todo o planeta, assolando uns mais e outros menos, tenha como causa algo natural ou fabricado na China<\/p>\n<\/div>","protected":false},"author":1,"featured_media":1000,"comment_status":"open","ping_status":"open","sticky":false,"template":"","format":"standard","meta":{"footnotes":""},"categories":[2],"tags":[25,37],"class_list":["post-999","post","type-post","status-publish","format-standard","has-post-thumbnail","hentry","category-geral","tag-capa","tag-coronavirus"],"_links":{"self":[{"href":"https:\/\/novosaopaulo.com.br\/index.php\/wp-json\/wp\/v2\/posts\/999"}],"collection":[{"href":"https:\/\/novosaopaulo.com.br\/index.php\/wp-json\/wp\/v2\/posts"}],"about":[{"href":"https:\/\/novosaopaulo.com.br\/index.php\/wp-json\/wp\/v2\/types\/post"}],"author":[{"embeddable":true,"href":"https:\/\/novosaopaulo.com.br\/index.php\/wp-json\/wp\/v2\/users\/1"}],"replies":[{"embeddable":true,"href":"https:\/\/novosaopaulo.com.br\/index.php\/wp-json\/wp\/v2\/comments?post=999"}],"version-history":[{"count":1,"href":"https:\/\/novosaopaulo.com.br\/index.php\/wp-json\/wp\/v2\/posts\/999\/revisions"}],"predecessor-version":[{"id":1001,"href":"https:\/\/novosaopaulo.com.br\/index.php\/wp-json\/wp\/v2\/posts\/999\/revisions\/1001"}],"wp:featuredmedia":[{"embeddable":true,"href":"https:\/\/novosaopaulo.com.br\/index.php\/wp-json\/wp\/v2\/media\/1000"}],"wp:attachment":[{"href":"https:\/\/novosaopaulo.com.br\/index.php\/wp-json\/wp\/v2\/media?parent=999"}],"wp:term":[{"taxonomy":"category","embeddable":true,"href":"https:\/\/novosaopaulo.com.br\/index.php\/wp-json\/wp\/v2\/categories?post=999"},{"taxonomy":"post_tag","embeddable":true,"href":"https:\/\/novosaopaulo.com.br\/index.php\/wp-json\/wp\/v2\/tags?post=999"}],"curies":[{"name":"wp","href":"https:\/\/api.w.org\/{rel}","templated":true}]}}