{"id":979,"date":"2020-04-20T16:12:26","date_gmt":"2020-04-20T19:12:26","guid":{"rendered":"http:\/\/novosaopaulo.com.br\/?p=979"},"modified":"2020-04-20T16:12:26","modified_gmt":"2020-04-20T19:12:26","slug":"alto-tiete-segue-com-evento-de-dia-mundial-da-criatividade-nesta-terca-e-quarta","status":"publish","type":"post","link":"https:\/\/novosaopaulo.com.br\/index.php\/2020\/04\/20\/alto-tiete-segue-com-evento-de-dia-mundial-da-criatividade-nesta-terca-e-quarta\/","title":{"rendered":"Alto Tiet\u00ea segue com evento de Dia Mundial da Criatividade nesta ter\u00e7a e quarta"},"content":{"rendered":"\n<p>O Dia Mundial da Criatividade n\u00e3o vai parar. Mesmo com toda a pandemia, e uma nova realidade no cen\u00e1rio de todo o mundo, o evento vai reunir diversas atividades de uma maneira virtual, e ainda assim, participativa, nos dias 21 e 22 de abril. Na regi\u00e3o do Alto Tiet\u00ea, quatro munic\u00edpios participam da a\u00e7\u00e3o, e mobilizam, por meio das redes sociais, l\u00edderes, anfitri\u00f5es, inspiradores, volunt\u00e1rios e patrocinadores.<\/p>\n\n\n\n<p>Os l\u00edderes do Alto Tiet\u00ea s\u00e3o: Djane Borba, Jazz singer e produtora cultural, de Guararema; em Guarulhos, C\u00edcero Freitas, fundador da Digital Tecla e FourMasters; da cidade de Po\u00e1, Marco Senna, ator, diretor e produtor teatral. Em Suzano, Rose Meusburger, presidente da REC &#8211; Rede de Economia Criativa e criadora do canal Elaborando Projetos, coordena toda a programa\u00e7\u00e3o da cidade. Estes&nbsp; recebem os volunt\u00e1rios e os chamados &#8220;inspiradores&#8221;, que s\u00e3o os que ir\u00e3o apresentar as atividades, oficinas, palestras, etc.&nbsp;&nbsp;<\/p>\n\n\n\n<p>As atividades abordar\u00e3o diversos assuntos, englobando diferentes segmentos, entre eles: Arte e Cultura, Cinema, Artesanato, M\u00fasica, Teatro, Tecnologia, Meio Ambiente e Empreendedorismo, entre muitos outros, com a participa\u00e7\u00e3o de especialistas e entusiastas das mais diversas \u00e1reas de forma\u00e7\u00e3o. A busca por solu\u00e7\u00f5es, por meio da criatividade, \u00e9 uma tarefa de todos, principalmente em tempos que a sociedade vai precisar se reinventar, de todas as formas.<\/p>\n\n\n\n<p>42 atividades acontecem em Guararema<\/p>\n\n\n\n<p>Guararema possui 28 inspiradores que criaram conte\u00fado exclusivo dentro do World Creativity Day, alguns com atividades distribu\u00eddas em v\u00e1rias partes, o que totaliza 42 atividades nas \u00e1reas: Arquitetura, Artes Pl\u00e1sticas, Arte Urbana, Ci\u00eancia, Cinema, Dan\u00e7a, Diversidade, Empreendedorismo, Fotografia, Literatura, Meio Ambiente e M\u00fasica. O Semin\u00e1rio \u201cO Desafio do Lixo\u201d \u00e9 composto de cinco palestras e uma oficina e o Work Shop Dan\u00e7as Japonesas e Dan\u00e7as Circulares no Mundo, possui 4 partes entre material educativo e coreografias. No munic\u00edpio o Dia Mundial da Criatividade 2020 tem apoio institucional da Prefeitura de Guararema, realiza\u00e7\u00e3o da Imaginoart e patroc\u00ednio da \u00c1gua Consultoria Ambiental<\/p>\n\n\n\n<p>Guarulhos tamb\u00e9m est\u00e1 na programa\u00e7\u00e3o do Dia Mundial da Criatividade.<\/p>\n\n\n\n<p>Com atividades mais variadas poss\u00edvel de express\u00e3o pessoal, autoestima e grandes momentos de risos, vindo com muito insights sobre criatividade, colabora\u00e7\u00e3o e inova\u00e7\u00e3o. O evento conta com o apoio da Faculdade Torricelli, com o intuito de tornar um assunto constante na cidade e n\u00e3o apenas uma vez ao ano.<\/p>\n\n\n\n<p>Criatividade de Suzano vai da dan\u00e7a \u00e0 tecnologia<\/p>\n\n\n\n<p>Suzano \u00e9 uma das cidades do Alto Tiet\u00ea que tamb\u00e9m est\u00e1 na programa\u00e7\u00e3o do Dia Mundial da Criatividade com 14 atividades focadas em tecnologia, inova\u00e7\u00e3o, artes e principalmente orienta\u00e7\u00f5es, dicas e ideias para o momento que vivemos. Temos a honra de receber dentro da programa\u00e7\u00e3o o V Simp\u00f3sio de Dan\u00e7a de Suzano, comandado por Juliana Lawall. S\u00f3 nesta atividade s\u00e3o seis palestras que n\u00e3o s\u00e3o exclusivas para bailarinos, mas para quem quer empreender com criatividade.<\/p>\n\n\n\n<p>Po\u00e1 participa pela primeira vez<\/p>\n\n\n\n<p>Pela primeira vez o munic\u00edpio de Po\u00e1 estar\u00e1 na programa\u00e7\u00e3o do Dia Mundial da Criatividade. Dentre as 9 atividades inscritas: m\u00fasica, v\u00eddeo, literatura, games, teatro, educa\u00e7\u00e3o, direitos, comportamento e podcast. O evento em Po\u00e1 tem o apoio da Rara Books Livraria e Caf\u00e9, Museu Padre Eust\u00e1quio e da Associa\u00e7\u00e3o Cultural Opereta.<\/p>\n\n\n\n<p>Para as pessoas que querem participar do evento, o acesso deve ser realizado pelo site do Dia Mundial da Criatividade &#8211;&nbsp;<a href=\"http:\/\/www.worldcreativityday.com\/brazil\" target=\"_blank\" rel=\"noreferrer noopener\">www.worldcreativityday.com\/brazil<\/a>, escolher a cidade e conhecer a agenda completa, que j\u00e1 est\u00e1 \u00e0 disposi\u00e7\u00e3o. O Youtube ser\u00e1 a tecnologia utilizada para permitir a participa\u00e7\u00e3o de todos os inscritos, com mais de 1.400 atividade online, somando mais de 3.064 horas de conte\u00fado colaborativo e criativo.<\/p>\n\n\n\n<p>A plataforma tamb\u00e9m disponibilizou um aplicativo para celular, para poder acompanhar as atividades dos mais variados munic\u00edpios. Basta ir at\u00e9 a loja de aplicativos e procurar pelo APP WCD. Veja os links:<br>Google Play:&nbsp;<a href=\"https:\/\/play.google.com\/store\/apps\/details?id=com.worldcreativityday.wcdinspire.app\" target=\"_blank\" rel=\"noreferrer noopener\">https:\/\/play.google.com\/store\/apps\/details?id=com.worldcreativityday.wcdinspire.app<\/a><br>Apple Store: &nbsp;<a href=\"https:\/\/apps.apple.com\/br\/app\/wcd-escola-de-l%C3%ADderes\/id1482448244\" target=\"_blank\" rel=\"noreferrer noopener\">https:\/\/apps.apple.com\/br\/app\/wcd-escola-de-l%C3%ADderes\/id1482448244<\/a><\/p>\n\n\n\n<p>Fa\u00e7a sua inscri\u00e7\u00e3o, participe e acompanhe todas as novidades por meio das redes sociais:<br>Facebook:<a href=\"https:\/\/www.facebook.com\/worldcreativityday\/\" target=\"_blank\" rel=\"noreferrer noopener\">https:\/\/www.facebook.com\/worldcreativityday\/<\/a><br>Instagram:&nbsp;<a href=\"https:\/\/www.instagram.com\/worldcreativityday\/\" target=\"_blank\" rel=\"noreferrer noopener\">https:\/\/www.instagram.com\/worldcreativityday\/<\/a><br>Twitter:&nbsp;<a href=\"https:\/\/twitter.com\/wcreativityday\" target=\"_blank\" rel=\"noreferrer noopener\">https:\/\/twitter.com\/wcreativityday<\/a><\/p>\n","protected":false},"excerpt":{"rendered":"<div class=\"mh-excerpt\"><p>O Dia Mundial da Criatividade n\u00e3o vai parar. Mesmo com toda a pandemia, e uma nova realidade no cen\u00e1rio de todo o mundo<\/p>\n<\/div>","protected":false},"author":1,"featured_media":980,"comment_status":"open","ping_status":"open","sticky":false,"template":"","format":"standard","meta":{"footnotes":""},"categories":[3],"tags":[25],"class_list":["post-979","post","type-post","status-publish","format-standard","has-post-thumbnail","hentry","category-cidades","tag-capa"],"_links":{"self":[{"href":"https:\/\/novosaopaulo.com.br\/index.php\/wp-json\/wp\/v2\/posts\/979"}],"collection":[{"href":"https:\/\/novosaopaulo.com.br\/index.php\/wp-json\/wp\/v2\/posts"}],"about":[{"href":"https:\/\/novosaopaulo.com.br\/index.php\/wp-json\/wp\/v2\/types\/post"}],"author":[{"embeddable":true,"href":"https:\/\/novosaopaulo.com.br\/index.php\/wp-json\/wp\/v2\/users\/1"}],"replies":[{"embeddable":true,"href":"https:\/\/novosaopaulo.com.br\/index.php\/wp-json\/wp\/v2\/comments?post=979"}],"version-history":[{"count":1,"href":"https:\/\/novosaopaulo.com.br\/index.php\/wp-json\/wp\/v2\/posts\/979\/revisions"}],"predecessor-version":[{"id":981,"href":"https:\/\/novosaopaulo.com.br\/index.php\/wp-json\/wp\/v2\/posts\/979\/revisions\/981"}],"wp:featuredmedia":[{"embeddable":true,"href":"https:\/\/novosaopaulo.com.br\/index.php\/wp-json\/wp\/v2\/media\/980"}],"wp:attachment":[{"href":"https:\/\/novosaopaulo.com.br\/index.php\/wp-json\/wp\/v2\/media?parent=979"}],"wp:term":[{"taxonomy":"category","embeddable":true,"href":"https:\/\/novosaopaulo.com.br\/index.php\/wp-json\/wp\/v2\/categories?post=979"},{"taxonomy":"post_tag","embeddable":true,"href":"https:\/\/novosaopaulo.com.br\/index.php\/wp-json\/wp\/v2\/tags?post=979"}],"curies":[{"name":"wp","href":"https:\/\/api.w.org\/{rel}","templated":true}]}}