{"id":623,"date":"2020-03-27T23:49:26","date_gmt":"2020-03-28T02:49:26","guid":{"rendered":"http:\/\/novosaopaulo.com.br\/?p=623"},"modified":"2020-03-27T23:49:26","modified_gmt":"2020-03-28T02:49:26","slug":"suzano-determina-medidas-para-funcionamento-de-supermercados","status":"publish","type":"post","link":"https:\/\/novosaopaulo.com.br\/index.php\/2020\/03\/27\/suzano-determina-medidas-para-funcionamento-de-supermercados\/","title":{"rendered":"Suzano determina medidas para funcionamento de supermercados"},"content":{"rendered":"\n<p><em>Novo decreto municipal prev\u00ea o fechamento dos estabelecimentos aos domingos j\u00e1 a partir deste fim de semana<br><\/em><\/p>\n\n\n\n<p>A Prefeitura de Suzano anunciou nesta sexta-feira (27\/03) novas medidas de preven\u00e7\u00e3o contra o novo coronav\u00edrus (Covid-19). Desta vez, as orienta\u00e7\u00f5es s\u00e3o direcionadas a supermercados, hipermercados e atacadistas, a fim de se evitar aglomera\u00e7\u00f5es nesses estabelecimentos comerciais. As determina\u00e7\u00f5es est\u00e3o oficializadas por meio do decreto municipal n\u00b0 9.443\/2020.<br><br>A partir deste fim de semana, est\u00e1 proibido o funcionamento desses estabelecimentos aos domingos. Os espa\u00e7os dever\u00e3o disponibilizar m\u00e1scaras e \u00e1lcool em gel a todos os caixas e funcion\u00e1rios com atendimento direto ao p\u00fablico. O estabelecimento dever\u00e1 demarcar no ch\u00e3o a dist\u00e2ncia de dois metros entre cada cliente nas filas dos caixas, promover a constante higieniza\u00e7\u00e3o do local e controlar o acesso de pessoas, visando impedir concentra\u00e7\u00f5es de pessoas.&nbsp;Outra recomenda\u00e7\u00e3o, para as empresas que contam com a devida estrutura, \u00e9 que profissionais qualificados verifiquem a temperatura dos clientes logo na entrada das lojas.<\/p>\n\n\n\n<p>De acordo com o prefeito Rodrigo Ashiuchi, as novas medidas adotadas no munic\u00edpio est\u00e3o em alinhamento com o Minist\u00e9rio P\u00fablico, com a Associa\u00e7\u00e3o Comercial e Empresarial (ACE) e com a C\u00e2mara de Suzano. O chefe do Executivo suzanense destacou ainda o trabalho do Procon da cidade, que se empenha em defender os direitos dos consumidores por meio de verifica\u00e7\u00e3o de den\u00fancias sobre pre\u00e7os abusivos. Nesta semana o \u00f3rg\u00e3o visitou e notificou estabelecimentos, a fim de se averiguar as suspeitas.&nbsp;&nbsp;&nbsp;<\/p>\n\n\n\n<p><br>\u201cEssas novas medidas levam em considera\u00e7\u00e3o que, em menos de 24 horas, o Brasil registrou mais 20 mortes e cerca de 500 pessoas infectadas pelo Covid-19 na \u00faltima quinta-feira (26\/03). Nosso objetivo \u00e9 tamb\u00e9m de resguardar os trabalhadores dos referidos estabelecimentos. Pedimos a compreens\u00e3o e a colabora\u00e7\u00e3o de todos\u201d, declarou.<\/p>\n\n\n\n<p><strong>Outros decretos<\/strong><\/p>\n\n\n\n<p>Suzano segue em quarentena, conforme o decreto estadual n\u00ba 64.881\/2020, que prev\u00ea a suspens\u00e3o de atividades e servi\u00e7os privados n\u00e3o essenciais, a exemplo de academias, clubes, shopping centers, cinemas, teatros, restaurantes (exceto para entrega) e com\u00e9rcio em geral at\u00e9 7 de abril (ter\u00e7a-feira).<\/p>\n\n\n\n<p>Podem continuar funcionando normalmente: farm\u00e1cias e drogarias, a\u00e7ougues e casas de carnes, mercados e supermercados (agora exceto aos domingos), pet shops, padarias (sem consumo em balc\u00e3o), quitandas, lojas de produtos de limpeza e descart\u00e1veis, postos de combust\u00edveis, oficinas mec\u00e2nicas e cl\u00ednicas e consult\u00f3rios m\u00e9dicos e odontol\u00f3gicos.<\/p>\n\n\n\n<p>A Prefeitura de Suzano tamb\u00e9m j\u00e1 havia publicado os decretos municipais 9.432 e 9.437\/2020 que disp\u00f5em sobre a suspens\u00e3o de eventos e aulas na rede municipal de ensino, bem como apresentam medidas tempor\u00e1rias e emergenciais de preven\u00e7\u00e3o ao cont\u00e1gio pelo novo coronav\u00edrus no \u00e2mbito da administra\u00e7\u00e3o p\u00fablica direta e indireta.<\/p>\n\n\n\n<p>Cr\u00e9dito da foto: Wanderley Costa\/Secop Suzano<\/p>\n\n\n\n<p><\/p>\n","protected":false},"excerpt":{"rendered":"<div class=\"mh-excerpt\"><p>Novo decreto municipal prev\u00ea o fechamento dos estabelecimentos aos domingos j\u00e1 a partir deste fim de semana<\/p>\n<\/div>","protected":false},"author":1,"featured_media":624,"comment_status":"open","ping_status":"open","sticky":false,"template":"","format":"standard","meta":{"footnotes":""},"categories":[3],"tags":[25,27],"class_list":["post-623","post","type-post","status-publish","format-standard","has-post-thumbnail","hentry","category-cidades","tag-capa","tag-suzano"],"_links":{"self":[{"href":"https:\/\/novosaopaulo.com.br\/index.php\/wp-json\/wp\/v2\/posts\/623"}],"collection":[{"href":"https:\/\/novosaopaulo.com.br\/index.php\/wp-json\/wp\/v2\/posts"}],"about":[{"href":"https:\/\/novosaopaulo.com.br\/index.php\/wp-json\/wp\/v2\/types\/post"}],"author":[{"embeddable":true,"href":"https:\/\/novosaopaulo.com.br\/index.php\/wp-json\/wp\/v2\/users\/1"}],"replies":[{"embeddable":true,"href":"https:\/\/novosaopaulo.com.br\/index.php\/wp-json\/wp\/v2\/comments?post=623"}],"version-history":[{"count":1,"href":"https:\/\/novosaopaulo.com.br\/index.php\/wp-json\/wp\/v2\/posts\/623\/revisions"}],"predecessor-version":[{"id":625,"href":"https:\/\/novosaopaulo.com.br\/index.php\/wp-json\/wp\/v2\/posts\/623\/revisions\/625"}],"wp:featuredmedia":[{"embeddable":true,"href":"https:\/\/novosaopaulo.com.br\/index.php\/wp-json\/wp\/v2\/media\/624"}],"wp:attachment":[{"href":"https:\/\/novosaopaulo.com.br\/index.php\/wp-json\/wp\/v2\/media?parent=623"}],"wp:term":[{"taxonomy":"category","embeddable":true,"href":"https:\/\/novosaopaulo.com.br\/index.php\/wp-json\/wp\/v2\/categories?post=623"},{"taxonomy":"post_tag","embeddable":true,"href":"https:\/\/novosaopaulo.com.br\/index.php\/wp-json\/wp\/v2\/tags?post=623"}],"curies":[{"name":"wp","href":"https:\/\/api.w.org\/{rel}","templated":true}]}}