{"id":609,"date":"2020-03-26T15:51:46","date_gmt":"2020-03-26T18:51:46","guid":{"rendered":"http:\/\/novosaopaulo.com.br\/?p=609"},"modified":"2020-03-26T15:51:46","modified_gmt":"2020-03-26T18:51:46","slug":"no-alto-tiete-mulheres-sao-as-principais-vitimas-do-coronavirus","status":"publish","type":"post","link":"https:\/\/novosaopaulo.com.br\/index.php\/2020\/03\/26\/no-alto-tiete-mulheres-sao-as-principais-vitimas-do-coronavirus\/","title":{"rendered":"No Alto Tiet\u00ea, mulheres s\u00e3o as principais v\u00edtimas do Coronav\u00edrus"},"content":{"rendered":"\n<p><em>Dos casos confirmados at\u00e9 esta quarta-feira, 57,6 % s\u00e3o pessoas do sexo feminino. H\u00e1 ainda 1 crian\u00e7a e 2 idosos. Maioria dos pacientes est\u00e1 em isolamento domiciliar e h\u00e1 2 considerados recuperados<\/em><br><\/p>\n\n\n\n<p>As mulheres s\u00e3o maioria entre os casos confirmados de Coronav\u00edrus na Regi\u00e3o. Levantamento feito pelo CONDEMAT \u2013 Cons\u00f3rcio de Desenvolvimento dos Munic\u00edpios do Alto Tiet\u00ea mostra, ainda, que h\u00e1 1 v\u00edtima crian\u00e7a e 2 idosos, que a maioria dos pacientes est\u00e1 em isolamento domiciliar e dois j\u00e1 est\u00e3o recuperados.&nbsp; As informa\u00e7\u00f5es s\u00e3o das Vigil\u00e2ncias Epidemiol\u00f3gicas Municipais.<\/p>\n\n\n\n<p>O perfil das v\u00edtimas de Coronav\u00edrus no Alto Tiet\u00ea foi elaborado com base nas estat\u00edsticas registradas at\u00e9 14 horas desta quarta-feira (25\/03), as quais apontam 26 casos confirmados em seis cidades da Regi\u00e3o \u2013 Aruj\u00e1 (1), Ferraz de Vasconcelos (2), Guarulhos (12), Mogi das Cruzes (9), Po\u00e1 (1) e Suzano (1).<\/p>\n\n\n\n<p>Dessas 26 pessoas infectadas pela Covid-19, 15 s\u00e3o mulheres (57,6%) e 11 homens. No grupo feminino, h\u00e1 uma idosa de 64 anos &nbsp;e as outras pacientes t\u00eam 19, 23, 25, 30,31, 33, 35, 37 (2), 39, 43, 48, 49, 54. O grupo masculino tem uma crian\u00e7a de 6 anos, um idoso de 66 anos &nbsp;e os demais t\u00eam 18, 20, 35, 37, 38, 44, 48, 54, 56.<\/p>\n\n\n\n<p>Dos 26 pacientes, 3 permanecem hospitalizados, sendo 2 deles em Unidade de Terapia Intensiva (UTI) \u2013 a moradora de Ferraz de Vasconcelos de 33 anos, que foi o primeiro caso confirmado em todo o Alto Tiet\u00ea, em 11 de mar\u00e7o, e um morador de Mogi das Cruzes, de 66 anos.<\/p>\n\n\n\n<p>H\u00e1 2 pacientes que precisaram de interna\u00e7\u00e3o, mas tiveram alta hospitalar nesta semana e permanecem em isolamento domiciliar, assim como outros 19 infectados que n\u00e3o chegaram a ser hospitalizados.&nbsp; Por fim,&nbsp; h\u00e1 2 casos considerados recuperados pelas autoridades de sa\u00fade de Mogi das Cruzes \u2013 a crian\u00e7a de 6 anos e uma mulher de 54 anos.<\/p>\n\n\n\n<p><strong>V\u00edtimas fatais<\/strong><\/p>\n\n\n\n<p>Dos \u00f3bitos registrados no Estado de S\u00e3o Paulo \u2013 eram 40 at\u00e9 ter\u00e7a-feira \u2013 a maioria \u00e9 de pessoas com mais de 60 anos, mas h\u00e1 no grupo tamb\u00e9m um homem de 33 anos e uma mulher de 48 anos.<\/p>\n\n\n\n<p>Na Regi\u00e3o do CONDEMAT, h\u00e1 mortes suspeitas por coronav\u00edrus em Mogi das Cruzes e Santa Isabel, mas que n\u00e3o constam nas estat\u00edsticas oficiais porque os resultados de exames com a confirma\u00e7\u00e3o da causa de \u00f3bito ainda n\u00e3o foram liberados.<\/p>\n\n\n\n<p>Na \u00faltima ter\u00e7a-feira, a Secretaria de Estado da Sa\u00fade listou a morte de uma idosa de 85 anos de Guarulhos, por\u00e9m, esse \u00f3bito ainda n\u00e3o foi confirmado pela Vigil\u00e2ncia Epidemiol\u00f3gica Municipal e pelo Grupo de Vigil\u00e2ncia Epidemiol\u00f3gica Estadual \u2013 Regional Mogi das Cruzes.&nbsp;<\/p>\n\n\n\n<p><\/p>\n","protected":false},"excerpt":{"rendered":"<div class=\"mh-excerpt\"><p>Dos casos confirmados at\u00e9 esta quarta-feira, 57,6 % s\u00e3o pessoas do sexo feminino.<\/p>\n<\/div>","protected":false},"author":1,"featured_media":610,"comment_status":"open","ping_status":"open","sticky":false,"template":"","format":"standard","meta":{"footnotes":""},"categories":[3],"tags":[37],"class_list":["post-609","post","type-post","status-publish","format-standard","has-post-thumbnail","hentry","category-cidades","tag-coronavirus"],"_links":{"self":[{"href":"https:\/\/novosaopaulo.com.br\/index.php\/wp-json\/wp\/v2\/posts\/609"}],"collection":[{"href":"https:\/\/novosaopaulo.com.br\/index.php\/wp-json\/wp\/v2\/posts"}],"about":[{"href":"https:\/\/novosaopaulo.com.br\/index.php\/wp-json\/wp\/v2\/types\/post"}],"author":[{"embeddable":true,"href":"https:\/\/novosaopaulo.com.br\/index.php\/wp-json\/wp\/v2\/users\/1"}],"replies":[{"embeddable":true,"href":"https:\/\/novosaopaulo.com.br\/index.php\/wp-json\/wp\/v2\/comments?post=609"}],"version-history":[{"count":1,"href":"https:\/\/novosaopaulo.com.br\/index.php\/wp-json\/wp\/v2\/posts\/609\/revisions"}],"predecessor-version":[{"id":611,"href":"https:\/\/novosaopaulo.com.br\/index.php\/wp-json\/wp\/v2\/posts\/609\/revisions\/611"}],"wp:featuredmedia":[{"embeddable":true,"href":"https:\/\/novosaopaulo.com.br\/index.php\/wp-json\/wp\/v2\/media\/610"}],"wp:attachment":[{"href":"https:\/\/novosaopaulo.com.br\/index.php\/wp-json\/wp\/v2\/media?parent=609"}],"wp:term":[{"taxonomy":"category","embeddable":true,"href":"https:\/\/novosaopaulo.com.br\/index.php\/wp-json\/wp\/v2\/categories?post=609"},{"taxonomy":"post_tag","embeddable":true,"href":"https:\/\/novosaopaulo.com.br\/index.php\/wp-json\/wp\/v2\/tags?post=609"}],"curies":[{"name":"wp","href":"https:\/\/api.w.org\/{rel}","templated":true}]}}