{"id":602,"date":"2020-03-26T15:45:51","date_gmt":"2020-03-26T18:45:51","guid":{"rendered":"http:\/\/novosaopaulo.com.br\/?p=602"},"modified":"2020-03-26T15:45:51","modified_gmt":"2020-03-26T18:45:51","slug":"suzano-conquista-90-leitos-de-internacao-no-hospital-das-clinicas","status":"publish","type":"post","link":"https:\/\/novosaopaulo.com.br\/index.php\/2020\/03\/26\/suzano-conquista-90-leitos-de-internacao-no-hospital-das-clinicas\/","title":{"rendered":"Suzano conquista 90 leitos de interna\u00e7\u00e3o no Hospital das Cl\u00ednicas"},"content":{"rendered":"\n<p><em>Al\u00e9m disso, tamb\u00e9m haver\u00e1 70 leitos de observa\u00e7\u00e3o criados pela prefeitura; medida \u00e9 para enfrentamento ao novo coronav\u00edrus<\/em><br><\/p>\n\n\n\n<p>O prefeito de Suzano, Rodrigo Ashiuchi, e o secret\u00e1rio municipal de Sa\u00fade, Luis Cl\u00e1udio Rocha Guillaumon, receberam a confirma\u00e7\u00e3o de que o governo do Estado de S\u00e3o Paulo vai disponibilizar 90 leitos emergenciais para interna\u00e7\u00e3o no Hospital Auxiliar das Cl\u00ednicas (HC), localizado na Vila Amorim. A not\u00edcia foi compartilhada pelo secret\u00e1rio estadual de Desenvolvimento Regional, Marco Vinholi, durante videoconfer\u00eancia sobre enfrentamento ao novo coronav\u00edrus (Covid-19) realizada na tarde desta quarta-feira (25\/03).<\/p>\n\n\n\n<p>Al\u00e9m disso, tamb\u00e9m haver\u00e1 70 leitos de observa\u00e7\u00e3o criados pela prefeitura, sendo divididos em duas etapas, sendo a primeira estrutura montada no Complexo Educacional Mirambava com 40 vagas e a segunda no posto de sa\u00fade da Vila Amorim (20 vagas) e no Pronto Atendimento de Palmeiras (10).<\/p>\n\n\n\n<p>Em caso de necessidade, Guillaumon explica que a Sa\u00fade suzanense tamb\u00e9m pode criar leitos de interna\u00e7\u00e3o. \u201cEstamos nos preparando para o atendimento de poss\u00edveis casos de pessoas infectadas. Lembrando que, at\u00e9 o momento (16 horas do dia 25 de mar\u00e7o), Suzano tem um caso confirmado e ainda 104 em an\u00e1lise. Importante destacar que estamos em um per\u00edodo de crescimento dos casos em todo o Pa\u00eds. Por isso, estamos nos articulando para atender a popula\u00e7\u00e3o\u201d, informou o secret\u00e1rio.<\/p>\n\n\n\n<p>Durante a videoconfer\u00eancia entre os prefeitos da Regi\u00e3o Metropolitana de S\u00e3o Paulo, Ashiuchi solicitou tamb\u00e9m a disponibiliza\u00e7\u00e3o de leitos do Hospital Regional Dr. Os\u00edris Florindo Coelho, em Ferraz de Vasconcelos, tendo sido sinalizado como positivo pelo secret\u00e1rio estadual de Desenvolvimento Regional. \u201cNa ocasi\u00e3o, Vinholi afirmou que o hospital ferrazense contar\u00e1 com 60 leitos de interna\u00e7\u00e3o. Desta forma, nossa regi\u00e3o ter\u00e1 150 vagas nas duas unidades do Estado\u201d, explicou o prefeito.<\/p>\n\n\n\n<p>O chefe do Executivo suzanense lembrou ainda que a conquista das vagas no HC tamb\u00e9m teve participa\u00e7\u00e3o do deputado estadual Andr\u00e9 do Prado. \u201cNa semana passada, com apoio do parlamentar, enviamos este pedido ao governo do Estado e hoje tivemos uma resposta positiva. Agrade\u00e7o pela r\u00e1pida resposta. Suzano segue firme no enfrentamento ao coronav\u00edrus\u201d, concluiu.<\/p>\n\n\n\n<p>Cr\u00e9dito das fotos: Paulo Pavione\/Secop Suzano<\/p>\n\n\n\n<p><\/p>\n","protected":false},"excerpt":{"rendered":"<div class=\"mh-excerpt\"><p>Al\u00e9m disso, tamb\u00e9m haver\u00e1 70 leitos de observa\u00e7\u00e3o criados pela prefeitura; medida \u00e9 para enfrentamento ao novo coronav\u00edrus<\/p>\n<\/div>","protected":false},"author":1,"featured_media":603,"comment_status":"open","ping_status":"open","sticky":false,"template":"","format":"standard","meta":{"footnotes":""},"categories":[3],"tags":[37,27],"class_list":["post-602","post","type-post","status-publish","format-standard","has-post-thumbnail","hentry","category-cidades","tag-coronavirus","tag-suzano"],"_links":{"self":[{"href":"https:\/\/novosaopaulo.com.br\/index.php\/wp-json\/wp\/v2\/posts\/602"}],"collection":[{"href":"https:\/\/novosaopaulo.com.br\/index.php\/wp-json\/wp\/v2\/posts"}],"about":[{"href":"https:\/\/novosaopaulo.com.br\/index.php\/wp-json\/wp\/v2\/types\/post"}],"author":[{"embeddable":true,"href":"https:\/\/novosaopaulo.com.br\/index.php\/wp-json\/wp\/v2\/users\/1"}],"replies":[{"embeddable":true,"href":"https:\/\/novosaopaulo.com.br\/index.php\/wp-json\/wp\/v2\/comments?post=602"}],"version-history":[{"count":1,"href":"https:\/\/novosaopaulo.com.br\/index.php\/wp-json\/wp\/v2\/posts\/602\/revisions"}],"predecessor-version":[{"id":604,"href":"https:\/\/novosaopaulo.com.br\/index.php\/wp-json\/wp\/v2\/posts\/602\/revisions\/604"}],"wp:featuredmedia":[{"embeddable":true,"href":"https:\/\/novosaopaulo.com.br\/index.php\/wp-json\/wp\/v2\/media\/603"}],"wp:attachment":[{"href":"https:\/\/novosaopaulo.com.br\/index.php\/wp-json\/wp\/v2\/media?parent=602"}],"wp:term":[{"taxonomy":"category","embeddable":true,"href":"https:\/\/novosaopaulo.com.br\/index.php\/wp-json\/wp\/v2\/categories?post=602"},{"taxonomy":"post_tag","embeddable":true,"href":"https:\/\/novosaopaulo.com.br\/index.php\/wp-json\/wp\/v2\/tags?post=602"}],"curies":[{"name":"wp","href":"https:\/\/api.w.org\/{rel}","templated":true}]}}