{"id":513,"date":"2020-03-23T13:48:43","date_gmt":"2020-03-23T16:48:43","guid":{"rendered":"http:\/\/novosaopaulo.com.br\/?p=513"},"modified":"2020-03-23T13:48:43","modified_gmt":"2020-03-23T16:48:43","slug":"ferraz-define-novas-medidas-para-combate-ao-coronavirus","status":"publish","type":"post","link":"https:\/\/novosaopaulo.com.br\/index.php\/2020\/03\/23\/ferraz-define-novas-medidas-para-combate-ao-coronavirus\/","title":{"rendered":"Ferraz define novas medidas para combate ao coronav\u00edrus"},"content":{"rendered":"\n<p>Com o objetivo de cuidar da popula\u00e7\u00e3o e evitar o m\u00e1ximo poss\u00edvel o cont\u00e1gio do novo coronav\u00edrus, a Secretaria de Sa\u00fade de Ferraz de Vasconcelos continua optando por medidas restritivas ou de intensifica\u00e7\u00e3o no que tange os servi\u00e7os da rede.&nbsp; A redu\u00e7\u00e3o de consultas m\u00e9dicas de rotinas em postos de sa\u00fade, a paralisa\u00e7\u00e3o dos atendimentos odontol\u00f3gicos e determina\u00e7\u00e3o em rela\u00e7\u00e3o a limpeza dos equipamentos de sa\u00fade s\u00e3o algumas das novas a\u00e7\u00f5es realizadas pela pasta.<\/p>\n\n\n\n<p>Por meio de circular, foi definido que casos de pessoas que estejam com satura\u00e7\u00e3o (oxigena\u00e7\u00e3o) no sangue inferior a 95, o que pode causar dificuldades para respirar, ser\u00e3o tratados como urgentes, se associados com outros sintomas caracter\u00edsticos do Covid-19. Al\u00e9m disso, funcion\u00e1rios da rede que tenham acima de 60 anos ser\u00e3o apenas afastados se estiverem enquadrados em outro grupo de risco da doen\u00e7a, \u00e0 crit\u00e9rio da sa\u00fade ferrazense, visando o refor\u00e7o nos atendimentos \u00e0 popula\u00e7\u00e3o. Outras quest\u00f5es relacionadas ao funcionamento da Secretaria, equipes de trabalho, uso de m\u00e1scaras, f\u00e9rias e licen\u00e7as, etc., tamb\u00e9m foram afinadas.<\/p>\n\n\n\n<p>As consultas m\u00e9dicas est\u00e3o priorizando as gestantes do munic\u00edpio, assim como a realiza\u00e7\u00e3o de exames de papanicolau e laboratoriais, que ser\u00e3o feitos apenas para estas mulheres. Os atendimentos odontol\u00f3gicos estar\u00e3o dispon\u00edveis apenas para casos de urg\u00eancia. Os servi\u00e7os de fisioterapia tamb\u00e9m trabalhar\u00e3o com p\u00fablico espec\u00edfico, sendo os idosos, crian\u00e7as at\u00e9 5 anos de idade e imunodeprimidos dispensados.<\/p>\n\n\n\n<p>As m\u00e3es que precisarem vacinar seus filhos nos pr\u00f3ximos dias, devem entrar em contato com suas Unidades B\u00e1sicas de Sa\u00fade (UBSs) de refer\u00eancia para agendar a aplica\u00e7\u00e3o via telefone. A pesagem de crian\u00e7as e m\u00e3es que recebem o bolsa fam\u00edlia tamb\u00e9m est\u00e1 suspensa at\u00e9 31 de maio.<\/p>\n\n\n\n<p>A pasta ainda refor\u00e7a a higieniza\u00e7\u00e3o, n\u00e3o s\u00f3 para todos os mun\u00edcipes, mas tamb\u00e9m aos agentes de sa\u00fade, sendo a lavagem das m\u00e3os com \u00e1gua e sab\u00e3o ainda o melhor caminho. A Secretaria tamb\u00e9m determinou novos procedimentos de limpeza nos postos de sa\u00fade, que ocorrer\u00e3o de acordo com a demanda de pessoas que, porventura, frequentarem estes locais.<\/p>\n\n\n\n<p>O prefeito Jos\u00e9 Carlos Fernandes Chacon, o Z\u00e9 Biruta, destaca que as determina\u00e7\u00f5es s\u00e3o extremamente necess\u00e1rias, mas que elas podem ser alteradas segundo a situa\u00e7\u00e3o frente ao Covid-19. \u201cEstamos tomando as medidas necess\u00e1rias de suspens\u00e3o, redu\u00e7\u00e3o e intensifica\u00e7\u00e3o para combater e prevenir contra o coronav\u00edrus. Infelizmente, idealizamos a\u00e7\u00f5es hoje que amanh\u00e3 podem ser que tenham de ser revistas, ent\u00e3o tudo ainda pode mudar, levando em considera\u00e7\u00e3o a situa\u00e7\u00e3o epidemiol\u00f3gica do munic\u00edpio e recomenda\u00e7\u00f5es federais e estaduais\u201d, finalizou o chefe do Executivo ferrazense.<\/p>\n\n\n\n<p>Para d\u00favidas, a pasta atende pelo 4674-7977.&nbsp;<\/p>\n\n\n\n<p><\/p>\n\n\n\n<p><strong>TEXTO:<\/strong>&nbsp;Leticia Riente &#8211; MTB: 87999 \/ SP<br><strong>F<\/strong><strong>OTOS:<\/strong><strong>&nbsp;Julien Pereira<\/strong><\/p>\n","protected":false},"excerpt":{"rendered":"<div class=\"mh-excerpt\"><p>Com o objetivo de cuidar da popula\u00e7\u00e3o e evitar o m\u00e1ximo poss\u00edvel o cont\u00e1gio do novo coronav\u00edrus<\/p>\n<\/div>","protected":false},"author":1,"featured_media":514,"comment_status":"open","ping_status":"open","sticky":false,"template":"","format":"standard","meta":{"footnotes":""},"categories":[3],"tags":[18],"class_list":["post-513","post","type-post","status-publish","format-standard","has-post-thumbnail","hentry","category-cidades","tag-ferraz"],"_links":{"self":[{"href":"https:\/\/novosaopaulo.com.br\/index.php\/wp-json\/wp\/v2\/posts\/513"}],"collection":[{"href":"https:\/\/novosaopaulo.com.br\/index.php\/wp-json\/wp\/v2\/posts"}],"about":[{"href":"https:\/\/novosaopaulo.com.br\/index.php\/wp-json\/wp\/v2\/types\/post"}],"author":[{"embeddable":true,"href":"https:\/\/novosaopaulo.com.br\/index.php\/wp-json\/wp\/v2\/users\/1"}],"replies":[{"embeddable":true,"href":"https:\/\/novosaopaulo.com.br\/index.php\/wp-json\/wp\/v2\/comments?post=513"}],"version-history":[{"count":1,"href":"https:\/\/novosaopaulo.com.br\/index.php\/wp-json\/wp\/v2\/posts\/513\/revisions"}],"predecessor-version":[{"id":515,"href":"https:\/\/novosaopaulo.com.br\/index.php\/wp-json\/wp\/v2\/posts\/513\/revisions\/515"}],"wp:featuredmedia":[{"embeddable":true,"href":"https:\/\/novosaopaulo.com.br\/index.php\/wp-json\/wp\/v2\/media\/514"}],"wp:attachment":[{"href":"https:\/\/novosaopaulo.com.br\/index.php\/wp-json\/wp\/v2\/media?parent=513"}],"wp:term":[{"taxonomy":"category","embeddable":true,"href":"https:\/\/novosaopaulo.com.br\/index.php\/wp-json\/wp\/v2\/categories?post=513"},{"taxonomy":"post_tag","embeddable":true,"href":"https:\/\/novosaopaulo.com.br\/index.php\/wp-json\/wp\/v2\/tags?post=513"}],"curies":[{"name":"wp","href":"https:\/\/api.w.org\/{rel}","templated":true}]}}