{"id":4825,"date":"2021-05-05T19:36:30","date_gmt":"2021-05-05T22:36:30","guid":{"rendered":"http:\/\/novosaopaulo.com.br\/?p=4825"},"modified":"2021-05-05T19:36:30","modified_gmt":"2021-05-05T22:36:30","slug":"minas-estreia-na-copa-do-brasil-de-futsal-nesta-sexta","status":"publish","type":"post","link":"https:\/\/novosaopaulo.com.br\/index.php\/2021\/05\/05\/minas-estreia-na-copa-do-brasil-de-futsal-nesta-sexta\/","title":{"rendered":"Minas estreia na Copa do Brasil de Futsal nesta sexta"},"content":{"rendered":"\n<p>O Minas vai entrar em quadra pela terceira competi\u00e7\u00e3o nacional nesta temporada. Depois de conquistar o t\u00edtulo da Ta\u00e7a Brasil e estrear na Liga Nacional de Futsal (LNF), a equipe tem um novo desafio, agora, pela Copa do Brasil. Nesta sexta-feira (7\/5), o jovem time minastenista receber\u00e1 o S\u00e3o Jos\u00e9 pelo jogo de ida da primeira fase da competi\u00e7\u00e3o, \u00e0s 17h, na Arena Minas T\u00eanis Clube. A partida de volta est\u00e1 prevista para o dia 18, em S\u00e3o Jos\u00e9 dos Campos (SP).<\/p>\n\n\n\n<p><img decoding=\"async\" src=\"https:\/\/storage.googleapis.com\/site-minas-tenis-gcp\/media\/tlpdjp15\/copa_do_brasil_minas_s%C3%A3o_jos%C3%A9_foto_jo%C3%A3o_duarte-2.jpeg?width=765&amp;height=510\" alt=\"O ala Ribeiro vive bom momento com a camisa do Minas (Foto: Jo\u00e3o Duarte\/Tubar\u00e3o)\">O ala Ribeiro vive bom momento com a camisa do Minas (Foto: Jo\u00e3o Duarte\/Tubar\u00e3o)<\/p>\n\n\n\n<p>O ala Gabriel Ribeiro, que anotou os dois gols do Minas na estreia da LNF, na \u00faltima semana, conta que a experi\u00eancia da equipe em competi\u00e7\u00f5es no formato eliminat\u00f3rio pode ser determinante para a conquista de resultados positivos. \u201cSabemos que, diferente da Liga, \u00e9 um campeonato de tiro curto, mata-mata. S\u00e3o dois jogos importantes e o nosso objetivo \u00e9 buscar uma vit\u00f3ria em casa, para chegarmos bem na partida de volta\u201d, destaca o jogador.<\/p>\n\n\n\n<p>Para este primeiro jogo do Minas pela Copa do Brasil, o t\u00e9cnico Peri Fuentes poder\u00e1 utilizar o ala Lucas Lib\u00e2nio e o piv\u00f4 Renato, que cumpriram suspens\u00e3o no \u00faltimo jogo pela LNF. O fixo Vitor e o ala Felipinho, que j\u00e1 haviam retornado ao time ap\u00f3s se recuperarem de les\u00e3o, estar\u00e3o novamente \u00e0 disposi\u00e7\u00e3o. Com exce\u00e7\u00e3o do fixo Gustavo, ainda em recupera\u00e7\u00e3o f\u00edsica, os demais atletas s\u00e3o op\u00e7\u00f5es para a equipe.<\/p>\n\n\n\n<p>O treinador minastenista ressalta a import\u00e2ncia de ter praticamente todo o elenco em condi\u00e7\u00f5es de jogo e lembra que o S\u00e3o Jos\u00e9 \u00e9 um advers\u00e1rio qualificado. \u201cA Copa do Brasil \u00e9 uma competi\u00e7\u00e3o completamente diferente das outras e, logo de cara, vamos pegar uma &#8216;pedreira&#8217;. Uma equipe de Liga que manteve a base do elenco, com atletas que jogam junto h\u00e1 muito tempo. Nosso objetivo \u00e9 fazer valer o mando de quadra, porque esse formato de competi\u00e7\u00e3o n\u00e3o oferece chances de recupera\u00e7\u00e3o, ent\u00e3o temos que ser eficientes para aproveitar todas as oportunidades para sairmos com a vit\u00f3ria\u201d, afirma Peri.<\/p>\n\n\n\n<p>Caso avance para a pr\u00f3xima fase, o Minas enfrentar\u00e1 o vencedor do duelo entre Corinthians e Praia Clube. A Copa do Brasil, que \u00e9 disputada no formato de mata-mata em jogos de ida e volta, re\u00fane 30 equipes de 16 estados nesta edi\u00e7\u00e3o 5\u00aa edi\u00e7\u00e3o. A competi\u00e7\u00e3o d\u00e1 acesso \u00e0 Supercopa de Futsal que, consequentemente, garante uma vaga para a continental Copa Libertadores de Futsal.<\/p>\n\n\n\n<p>Copa do Brasil &#8211; Primeira fase<br>7\/5 \u2013 17h \u2013 Minas x S\u00e3o Jos\u00e9 &#8211; Arena MTC<br>18\/5 \u2013 20h \u2013 S\u00e3o Jos\u00e9 x Minas &#8211; S\u00e3o Jos\u00e9 dos Campos (SP)<\/p>\n\n\n\n<p>Patrocinador:&nbsp;<a href=\"http:\/\/link.minastc.com.br\/ls\/click?upn=LFOg-2BQi3xXlnLgKxncuNkhnG9-2FNnN9nMrZyheUZm24QPOSu-2BQAvLZrPtKbt8kvgMjV-2FgF587wzE7NJbxI4-2F7A4D-2BCVhrCPPq0Ob5-2BIf-2B1ougvqqet5X82pcTwhA3K-2F6Qah4ZAJy5BA5gw9yN53ZnPzLOLU3kW5DCIWyX7YzMMftESHtiVHlELTCFVz6lHlAkNmr5HJ-2B9MCbQfkuWR-2F6kK96-2FCZZt6n5fVSJjkCIlEuQZQh6PPs-2BXXemR8axHl5pZ6kbq_8YsUo8P-2Fh5FXW6SDIehQypYeX-2BoMj3-2BHMqpXrsx3OFgdM4f4aVG-2BEbvG4KrNa81-2FcG2w-2FtO9rdSWsMUYLNvw1rqBqS7SFZ1E67caFkJaTkpguwa8WmnRhd12lymlrja01IB6wWwjL05If8AKkbsJ9KMz9Na-2B86IY4FJRB7vY9O34VAUIe5oeK9UfJeeU3JtWuvezlNshjUnhs971NwRf-2BhaRK5HYfOrihnA4WwrCdGtgpHwQtHqhER6diieEDtuE-2BG2zD-2FXK-2BzMXU4scq4LEmhVQhR9G4CZV59IQz6io-2F20pN49dpLQZaCFECTZpemumfYkwDUYDbyYW4Dw3xlLJYUZyRWNFyIdfb71WxCU2Z8tn1ePLVPVBQ8I09LlmFtp3CjmDDYTBRGKwwBRtdfx658PIvBECKWHOpDfGQ-2FGwsLRSH6Ezg-2BWzFOOzQ1ZUpfuN9-2FtzafmnCn7dcQOUW0htYqDXRJK2-2BmOo4fELxme4fyizmt8LZbzh0Dd-2BW9E0T5z4yz5ACSkTMyXC8XvVAhlYNFZWpabr6nt0WhnmKhyq0HLrkZcoPUcgLrELSz0MGqOy72Y8Q0EmwcwlGIm7ggTEaZ6x6DjaIrzWzgLDRSOczR3rfWfcWrw7LiorHOwMZyeqX7IiBinISHTMb7wTrd9g42jw1DAva-2BZAeyX9BcNPgPv1PtwQGYTl-2FQg9Qg9WSicI8-2F4LRWYYwLKrVuJN2JdyECyPVE-2FzXZqWIrx68HtwZVk1R0SRUwhApEjLxTBJ0b1Cvut7kdPxQTl04L2FBjsIpw-3D-3D\" target=\"_blank\" rel=\"noreferrer noopener\">Grupo Risotol\u00e2ndia<br><\/a>Patrocinador:&nbsp;<a href=\"http:\/\/link.minastc.com.br\/ls\/click?upn=SnnWhmTN5lmNJFl943chcwUwiSl27GvCVorcHUWjEPya2l-2FITjzkSD6Aua2v8IPnBx3kl28XethpsL0qr3ZPaWVA5jV2-2Fy3HPam5RZzFAJT0Ir0jtTy1DWHRZbpP1DJTjtndzFtjYBm1uKBn7jghSerz7y8aSxjlqI2MVJd4CRLEgSmiXc9Yp0bT6FCnjn0a8vQoP6x6yWi0Q3UdEYBy40eDdrBNqbAJ86FUjzt5mIOwkI7mC8a2EHpEMxBSefYkZ3_P_8YsUo8P-2Fh5FXW6SDIehQypYeX-2BoMj3-2BHMqpXrsx3OFgdM4f4aVG-2BEbvG4KrNa81-2FcG2w-2FtO9rdSWsMUYLNvw1rqBqS7SFZ1E67caFkJaTkpguwa8WmnRhd12lymlrja01IB6wWwjL05If8AKkbsJ9KMz9Na-2B86IY4FJRB7vY9O34VAUIe5oeK9UfJeeU3JtWuvezlNshjUnhs971NwRf-2BhaRK5HYfOrihnA4WwrCdGtgpHwQtHqhER6diieEDtuE-2BG2zD-2FXK-2BzMXU4scq4LEmhVQhR9G4CZV59IQz6io-2F20pN49dpLQZaCFECTZpemumfYkwDUYDbyYW4Dw3xlLJYUZyRWNFyIdfb71WxCU2Z8tn1ePLVPVBQ8I09LlmFtp3CjmDDYTBRGKwwBRtdfx658PIvBECKWHOpDfGQ-2FGwsLRSH6Ezg-2BWzFOOzQ1ZUpfuN9-2FtzafmnCn7dcQOUW0htYqDXRJK2-2BmOo4fELxme4fyizmt8LZbzh0Dd-2BW9E0T5z4yz5ACSkTMyXC8XvVAhlYNFZWpabr6nt0WhnmKhyq0HLrkZcoPUcgLrELSz0MGqOyTXx-2BIrLD4Q3X1opT668mWeObwJWjqhy6QikpNkTEiP52l57-2Fty1Lye6Gx-2FD05s-2F4dDHL0JuauRZst-2BSo-2B3X0vZgaro3iY6ons-2B-2B-2BosC1WUM24VnMlj4FJJjjF7XJndF63hLdkUqRoFc5FGVtvPtdZx4sO6LoMaEg2nzb1a2vZ6IZE1tkd7kfSp2XSDKbXEXZanN1JTdRnmP9zoFdcuZQ4g-3D-3D\" target=\"_blank\" rel=\"noreferrer noopener\">Itamb\u00e9<br><\/a>Fornecedor de material esportivo:&nbsp;<a href=\"http:\/\/link.minastc.com.br\/ls\/click?upn=E-2FzX0bGfa2eXzqctCOi9ziC8vFyqZBBNF7Y0N7XfMNg4n0-2BIWWsZSwAkZtp8dxsDeUGhU9hDw9pFBZeCglyGMoPYPb7932iFkLgGVRsOyH7FJJHRF9onUZsF5xSAxhz726tZVuymjWZt5CH8lXNWYtAbuUV3PJ3D7wHFnMsQD4rx2lC6aSZZWLYswDx1Cum5-2BPdGQ0b7-2B2TtqKSdhKUQpsy68wxWlBJylgLug-2FEqF5Y-3Dmt5c_8YsUo8P-2Fh5FXW6SDIehQypYeX-2BoMj3-2BHMqpXrsx3OFgdM4f4aVG-2BEbvG4KrNa81-2FcG2w-2FtO9rdSWsMUYLNvw1rqBqS7SFZ1E67caFkJaTkpguwa8WmnRhd12lymlrja01IB6wWwjL05If8AKkbsJ9KMz9Na-2B86IY4FJRB7vY9O34VAUIe5oeK9UfJeeU3JtWuvezlNshjUnhs971NwRf-2BhaRK5HYfOrihnA4WwrCdGtgpHwQtHqhER6diieEDtuE-2BG2zD-2FXK-2BzMXU4scq4LEmhVQhR9G4CZV59IQz6io-2F20pN49dpLQZaCFECTZpemumfYkwDUYDbyYW4Dw3xlLJYUZyRWNFyIdfb71WxCU2Z8tn1ePLVPVBQ8I09LlmFtp3CjmDDYTBRGKwwBRtdfx658PIvBECKWHOpDfGQ-2FGwsLRSH6Ezg-2BWzFOOzQ1ZUpfuN9-2FtzafmnCn7dcQOUW0htYqDXRJK2-2BmOo4fELxme4fyizmt8LZbzh0Dd-2BW9E0T5z4yz5ACSkTMyXC8XvVAhlYNFZWpabr6nt0WhnmKhyq0HLrkZcoPUcgLrELSz0MGqOyqxkcYAd1N0EP-2FPMOXcEchFUVB8LJ8A7BJZ3JUPc1foNwZVLzyBBBsSAOeq0wkF4-2Bf1-2Bg1lVnKtCPmmZsBAfqMQJS8O1kUr6F2eRGrMUuDJq99-2BCnzPppKj3FT1my2596iFp2a7Y2JZKHEBa64xtV77-2FZiLrOarhROR0q8tMwQMXUUqxDDhgBqB-2BqWanuYOQ9joR3iVDaljjcLOjp0-2Fo4fg-3D-3D\" target=\"_blank\" rel=\"noreferrer noopener\">Clanel<br><br><\/a>Siga as redes sociais oficiais do Futsal do Minas:<br>Facebook:&nbsp;<a href=\"http:\/\/link.minastc.com.br\/ls\/click?upn=SnnWhmTN5lmNJFl943chcxyGvs3tJmPwF8Fal-2BO3FKZrcmrN1zJB3AB8zl1z5rVpSmSQBnrsvlERv3Axdk90DtTs6KEVDqd6hmGAc72nc9CuCErVmhVKhk2v05gtTFMMdzj4CjVrWxhr2l-2BDCAsAqvgK3x1InXsbZsLgTVschCFeGt3v3-2FheS-2BDqGg6Eq40eAgJ1QXYFOAzAIHXktUiTTaNjWJr9NnoD2XGDYfi2ClHPq-2BkCVFJY18NHsSu6QYQZvRmj_8YsUo8P-2Fh5FXW6SDIehQypYeX-2BoMj3-2BHMqpXrsx3OFgdM4f4aVG-2BEbvG4KrNa81-2FcG2w-2FtO9rdSWsMUYLNvw1rqBqS7SFZ1E67caFkJaTkpguwa8WmnRhd12lymlrja01IB6wWwjL05If8AKkbsJ9KMz9Na-2B86IY4FJRB7vY9O34VAUIe5oeK9UfJeeU3JtWuvezlNshjUnhs971NwRf-2BhaRK5HYfOrihnA4WwrCdGtgpHwQtHqhER6diieEDtuE-2BG2zD-2FXK-2BzMXU4scq4LEmhVQhR9G4CZV59IQz6io-2F20pN49dpLQZaCFECTZpemumfYkwDUYDbyYW4Dw3xlLJYUZyRWNFyIdfb71WxCU2Z8tn1ePLVPVBQ8I09LlmFtp3CjmDDYTBRGKwwBRtdfx658PIvBECKWHOpDfGQ-2FGwsLRSH6Ezg-2BWzFOOzQ1ZUpfuN9-2FtzafmnCn7dcQOUW0htYqDXRJK2-2BmOo4fELxme4fyizmt8LZbzh0Dd-2BW9E0T5z4yz5ACSkTMyXC8XvVAhlYNFZWpabr6nt0WhnmKhyq0HLrkZcoPUcgLrELSz0MGqOyCpu6fFAzRCJMcCht4Ad6hNA7tr58CV6xWk2hRdQZm4LURmxDizM7gjWOfr8E983h7eYm6km-2FHtyWecs0AZZbwc2foIsi-2BeID5HRfmjvlSAyMFxdhrDwr2AUQqaVrSqFJ6ZcYMu70Zs0EPt-2FaTYOBNRTM3MbH-2FnFT89bYgAHlg0Ib5nRFlrGnuCNnZiWSM3PToTg3cQ1PMG-2BUf9pCjUfo3A-3D-3D\" target=\"_blank\" rel=\"noreferrer noopener\">\/mtcfutsal<br><\/a>Instagram:&nbsp;<a href=\"http:\/\/link.minastc.com.br\/ls\/click?upn=SnnWhmTN5lmNJFl943chczJ3WlWx4omW2vCNfQ0W3u-2B-2BUa7o5-2Fl2JhoHaQUel9hJAbKA4Wyz-2FN-2BDC1YqaTdy7s8DOGGwOcGPGZnnzfFH4uylUuTKTFgVrMOosm9a3RtEQiS1w80JQrzLUpYJucu8UKOu-2B8h-2B55wFidv7thuA3Fx8wRKNdRFGiWEemsPekB1SNYGtIp61c3mgCwWwRSFwymIv3q4HHRCq-2BslBXeZpw8FG5BAd2HDbVIlDr5f7h2RnyRlM_8YsUo8P-2Fh5FXW6SDIehQypYeX-2BoMj3-2BHMqpXrsx3OFgdM4f4aVG-2BEbvG4KrNa81-2FcG2w-2FtO9rdSWsMUYLNvw1rqBqS7SFZ1E67caFkJaTkpguwa8WmnRhd12lymlrja01IB6wWwjL05If8AKkbsJ9KMz9Na-2B86IY4FJRB7vY9O34VAUIe5oeK9UfJeeU3JtWuvezlNshjUnhs971NwRf-2BhaRK5HYfOrihnA4WwrCdGtgpHwQtHqhER6diieEDtuE-2BG2zD-2FXK-2BzMXU4scq4LEmhVQhR9G4CZV59IQz6io-2F20pN49dpLQZaCFECTZpemumfYkwDUYDbyYW4Dw3xlLJYUZyRWNFyIdfb71WxCU2Z8tn1ePLVPVBQ8I09LlmFtp3CjmDDYTBRGKwwBRtdfx658PIvBECKWHOpDfGQ-2FGwsLRSH6Ezg-2BWzFOOzQ1ZUpfuN9-2FtzafmnCn7dcQOUW0htYqDXRJK2-2BmOo4fELxme4fyizmt8LZbzh0Dd-2BW9E0T5z4yz5ACSkTMyXC8XvVAhlYNFZWpabr6nt0WhnmKhyq0HLrkZcoPUcgLrELSz0MGqOyH58pbK4zvnn12Od-2FhPBBtRKrxyMWaL38-2BhSCl-2B1grb7uASk4ezU2r-2FRZncNGejfysFsL5Ajt7SWSOOFFg75ybKRigdI6UM2Mg3MB7cAchGLnmtZFn4V12B5jaYjU6LjsCceWN-2F-2BpMZU3gO-2FPyfzFFJ698wC8hXxVAmQ6gJwra51UYvKf4vDujbg3vdYc6oftQ4yU0ykqQIDhbGAdxyY3hA-3D-3D\" target=\"_blank\" rel=\"noreferrer noopener\">@mtcfutsal<\/a><\/p>\n","protected":false},"excerpt":{"rendered":"<div class=\"mh-excerpt\"><p>O Minas vai entrar em quadra pela terceira competi\u00e7\u00e3o nacional nesta temporada. Depois de conquistar o t\u00edtulo da Ta\u00e7a Brasil e estrear na Liga Nacional <a class=\"mh-excerpt-more\" href=\"https:\/\/novosaopaulo.com.br\/index.php\/2021\/05\/05\/minas-estreia-na-copa-do-brasil-de-futsal-nesta-sexta\/\" title=\"Minas estreia na Copa do Brasil de Futsal nesta sexta\">[&#8230;]<\/a><\/p>\n<\/div>","protected":false},"author":1,"featured_media":4826,"comment_status":"open","ping_status":"open","sticky":false,"template":"","format":"standard","meta":{"footnotes":""},"categories":[4,2],"tags":[],"class_list":["post-4825","post","type-post","status-publish","format-standard","has-post-thumbnail","hentry","category-esportes","category-geral"],"_links":{"self":[{"href":"https:\/\/novosaopaulo.com.br\/index.php\/wp-json\/wp\/v2\/posts\/4825"}],"collection":[{"href":"https:\/\/novosaopaulo.com.br\/index.php\/wp-json\/wp\/v2\/posts"}],"about":[{"href":"https:\/\/novosaopaulo.com.br\/index.php\/wp-json\/wp\/v2\/types\/post"}],"author":[{"embeddable":true,"href":"https:\/\/novosaopaulo.com.br\/index.php\/wp-json\/wp\/v2\/users\/1"}],"replies":[{"embeddable":true,"href":"https:\/\/novosaopaulo.com.br\/index.php\/wp-json\/wp\/v2\/comments?post=4825"}],"version-history":[{"count":1,"href":"https:\/\/novosaopaulo.com.br\/index.php\/wp-json\/wp\/v2\/posts\/4825\/revisions"}],"predecessor-version":[{"id":4827,"href":"https:\/\/novosaopaulo.com.br\/index.php\/wp-json\/wp\/v2\/posts\/4825\/revisions\/4827"}],"wp:featuredmedia":[{"embeddable":true,"href":"https:\/\/novosaopaulo.com.br\/index.php\/wp-json\/wp\/v2\/media\/4826"}],"wp:attachment":[{"href":"https:\/\/novosaopaulo.com.br\/index.php\/wp-json\/wp\/v2\/media?parent=4825"}],"wp:term":[{"taxonomy":"category","embeddable":true,"href":"https:\/\/novosaopaulo.com.br\/index.php\/wp-json\/wp\/v2\/categories?post=4825"},{"taxonomy":"post_tag","embeddable":true,"href":"https:\/\/novosaopaulo.com.br\/index.php\/wp-json\/wp\/v2\/tags?post=4825"}],"curies":[{"name":"wp","href":"https:\/\/api.w.org\/{rel}","templated":true}]}}