{"id":4687,"date":"2021-04-19T14:22:48","date_gmt":"2021-04-19T17:22:48","guid":{"rendered":"http:\/\/novosaopaulo.com.br\/?p=4687"},"modified":"2021-04-19T14:22:48","modified_gmt":"2021-04-19T17:22:48","slug":"a-cuidadosa-volta-a-normalidade","status":"publish","type":"post","link":"https:\/\/novosaopaulo.com.br\/index.php\/2021\/04\/19\/a-cuidadosa-volta-a-normalidade\/","title":{"rendered":"A (cuidadosa) volta \u00e0 normalidade"},"content":{"rendered":"\n<p>S\u00e3o Paulo, em seus 645 munic\u00edpios, come\u00e7a a viver um novo tempo, apesar das restri\u00e7\u00f5es ainda mantidas em raz\u00e3o da Covid-19. Mesmo com o alto \u00edndice de infec\u00e7\u00e3o, interna\u00e7\u00f5es e mortes, o governo estadual flexibiliza as proibi\u00e7\u00f5es, permitindo que o com\u00e9rcio reabra suas portas e prometendo mais libera\u00e7\u00f5es para os pr\u00f3ximos dias e semanas. Aquele grupo que sustenta o \u201cfecha tudo\u201d parece ter perdido for\u00e7a diante do aumento dos casos na pandemia e da crise econ\u00f4mica decorrente da falta de atividade. Espera-se bom senso tanto das autoridades quanto da popula\u00e7\u00e3o para n\u00e3o se colocar tudo a perder. Temos de continuar usando m\u00e1scara, lavando as m\u00e3os continuamente, mantendo o distanciamento pessoal e evitando aglomera\u00e7\u00f5es.<\/p>\n\n\n\n<p>&nbsp;&nbsp;&nbsp;&nbsp;&nbsp;&nbsp;&nbsp;&nbsp;&nbsp;&nbsp;&nbsp; Ao contr\u00e1rio das estabelecidas 8 horas por dia\u2013 das 11 \u00e0s 19 horas \u2013 o com\u00e9rcio n\u00e3o deveria ser restrito a um per\u00edodo, mas alongado at\u00e9 para 24 horas nos estabelecimentos com estrutura para tanto. Com tempo maior de oferta de produtos, evitaria as poss\u00edveis aglomera\u00e7\u00f5es e daria mais for\u00e7a para o controle de acesso. Tamb\u00e9m evitaria que, ao come\u00e7ar ou terminar da jornada, as pessoas se aglomerassem no transporte p\u00fablico (\u00f4nibus e metr\u00f4) onde, apesar de proibidas, as aglomera\u00e7\u00f5es s\u00e3o flagrantes e frequentes sem que as autoridades tenham encontrado uma solu\u00e7\u00e3o para o fen\u00f4meno.<\/p>\n\n\n\n<p>&nbsp;&nbsp;&nbsp;&nbsp;&nbsp;&nbsp;&nbsp;&nbsp;&nbsp;&nbsp;&nbsp; Muitos dos comerciantes est\u00e3o experimentando o gosto amargo de, al\u00e9m da pr\u00f3pria situa\u00e7\u00e3o dif\u00edcil do seu neg\u00f3cio, reabrir as portas e verificar que muitos dos seus vizinhos n\u00e3o voltaram ao trabalho porque n\u00e3o conseguiram mant\u00ea-los durante a quarentena imposta. Outro desconforto da classe \u00e9 a incerteza quanto \u00e0 chegada dos clientes, visto que muitos est\u00e3o desempregados e sem renda.<\/p>\n\n\n\n<p>&nbsp;&nbsp;&nbsp;&nbsp;&nbsp;&nbsp;&nbsp;&nbsp;&nbsp;&nbsp;&nbsp; O com\u00e9rcio das cidades interioranas come\u00e7a campanha que pede para a popula\u00e7\u00e3o comprar nas suas lojas locais. Isso porque as aquisi\u00e7\u00f5es pela internet e outros meios eletr\u00f4nicos canalizam a renda para as localidades onde est\u00e3o instaladas as empresas vendedoras. O dinheiro deixa de circular na cidade do comprador, onde poderia sustentar outros neg\u00f3cios e, tamb\u00e9m, os impostos n\u00e3o s\u00e3o ali arrecadados como ocorre nas opera\u00e7\u00f5es do com\u00e9rcio estabelecido. Independente da pandemia, a parti\u00e7\u00e3o do imposto arrecadado nas vendas online \u00e9 uma quest\u00e3o que ainda precisa ser estudada e resolvida. Detalhe importante: pequenos comerciantes dizem &nbsp;n\u00e3o ter condi\u00e7\u00f5es de operar no com\u00e9rcio eletr\u00f4nico, pois n\u00e3o possuem produtos em grande quantidade, n\u00e3o t\u00eam poder de negocia\u00e7\u00e3o de pre\u00e7os na compra do estoque e, tamb\u00e9m, n\u00e3o conseguem formar margem suficiente para ter seu lucro e arcar com os custos das plataformas, sempre superiores a 20%.<\/p>\n\n\n\n<p>&nbsp;&nbsp;&nbsp;&nbsp;&nbsp;&nbsp;&nbsp;&nbsp;&nbsp;&nbsp;&nbsp; A nova situa\u00e7\u00e3o \u00e9 de esperan\u00e7a e de muito trabalho para readquirir a normalidade. Que a vacina\u00e7\u00e3o se apresse, os grupos e entidades m\u00e9dicas parem de divergir sobre o tratamento dos pacientes e, principalmente, que n\u00e3o continue a cr\u00f4nica falta de vagas para interna\u00e7\u00e3o. Que o Poder P\u00fablico (Uni\u00e3o, Estados e Munic\u00edpios) invista e cumpra rigorosamente seus deveres fixados no artigo 196 da Constitui\u00e7\u00e3o, que diz:&nbsp;<em>A sa\u00fade \u00e9 direito de todos e dever do Estado.<\/em><\/p>\n\n\n\n<p>Tenente Dirceu Cardoso Gon\u00e7alves &#8211; dirigente da ASPOMIL (Associa\u00e7\u00e3o de&nbsp;Assist. Social dos Policiais Militares de S\u00e3o Paulo)&nbsp;<\/p>\n","protected":false},"excerpt":{"rendered":"<div class=\"mh-excerpt\"><p>S\u00e3o Paulo, em seus 645 munic\u00edpios, come\u00e7a a viver um novo tempo, apesar das restri\u00e7\u00f5es ainda mantidas em raz\u00e3o da Covid-19. Mesmo com o alto <a class=\"mh-excerpt-more\" href=\"https:\/\/novosaopaulo.com.br\/index.php\/2021\/04\/19\/a-cuidadosa-volta-a-normalidade\/\" title=\"A (cuidadosa) volta \u00e0 normalidade\">[&#8230;]<\/a><\/p>\n<\/div>","protected":false},"author":1,"featured_media":164,"comment_status":"open","ping_status":"open","sticky":false,"template":"","format":"standard","meta":{"footnotes":""},"categories":[3],"tags":[45],"class_list":["post-4687","post","type-post","status-publish","format-standard","has-post-thumbnail","hentry","category-cidades","tag-artigo"],"_links":{"self":[{"href":"https:\/\/novosaopaulo.com.br\/index.php\/wp-json\/wp\/v2\/posts\/4687"}],"collection":[{"href":"https:\/\/novosaopaulo.com.br\/index.php\/wp-json\/wp\/v2\/posts"}],"about":[{"href":"https:\/\/novosaopaulo.com.br\/index.php\/wp-json\/wp\/v2\/types\/post"}],"author":[{"embeddable":true,"href":"https:\/\/novosaopaulo.com.br\/index.php\/wp-json\/wp\/v2\/users\/1"}],"replies":[{"embeddable":true,"href":"https:\/\/novosaopaulo.com.br\/index.php\/wp-json\/wp\/v2\/comments?post=4687"}],"version-history":[{"count":1,"href":"https:\/\/novosaopaulo.com.br\/index.php\/wp-json\/wp\/v2\/posts\/4687\/revisions"}],"predecessor-version":[{"id":4688,"href":"https:\/\/novosaopaulo.com.br\/index.php\/wp-json\/wp\/v2\/posts\/4687\/revisions\/4688"}],"wp:featuredmedia":[{"embeddable":true,"href":"https:\/\/novosaopaulo.com.br\/index.php\/wp-json\/wp\/v2\/media\/164"}],"wp:attachment":[{"href":"https:\/\/novosaopaulo.com.br\/index.php\/wp-json\/wp\/v2\/media?parent=4687"}],"wp:term":[{"taxonomy":"category","embeddable":true,"href":"https:\/\/novosaopaulo.com.br\/index.php\/wp-json\/wp\/v2\/categories?post=4687"},{"taxonomy":"post_tag","embeddable":true,"href":"https:\/\/novosaopaulo.com.br\/index.php\/wp-json\/wp\/v2\/tags?post=4687"}],"curies":[{"name":"wp","href":"https:\/\/api.w.org\/{rel}","templated":true}]}}