{"id":4681,"date":"2021-04-19T14:19:57","date_gmt":"2021-04-19T17:19:57","guid":{"rendered":"http:\/\/novosaopaulo.com.br\/?p=4681"},"modified":"2021-04-19T14:19:57","modified_gmt":"2021-04-19T17:19:57","slug":"suzano-inicia-vistoria-de-vans-de-transporte-complementar","status":"publish","type":"post","link":"https:\/\/novosaopaulo.com.br\/index.php\/2021\/04\/19\/suzano-inicia-vistoria-de-vans-de-transporte-complementar\/","title":{"rendered":"Suzano inicia vistoria de vans de transporte complementar"},"content":{"rendered":"\n<p><em>Expectativa \u00e9 que todas as 147 vans de transporte p\u00fablico da cidade sejam inspecionadas at\u00e9 a pr\u00f3xima sexta-feira<\/em><\/p>\n\n\n\n<p>A Secretaria de Transportes e Mobilidade Urbana de Suzano deu continuidade nesta sexta-feira (16\/04) a vistoria anual obrigat\u00f3ria das vans que prestam servi\u00e7o de transporte p\u00fablico complementar na cidade. As inspe\u00e7\u00f5es s\u00e3o feitas na sede da pasta e o prazo para participar do processo \u00e9 at\u00e9 o dia 23 de abril (sexta-feira).<\/p>\n\n\n\n<p>Os permission\u00e1rios das vans n\u00e3o precisam marcar hora para apresentar o autom\u00f3vel e sua respectiva documenta\u00e7\u00e3o para avalia\u00e7\u00e3o. O atendimento \u00e9 realizado de segunda a sexta-feira, das 8 \u00e0s 17 horas, na rua Jos\u00e9 Corr\u00eaa Gon\u00e7alves, 152, no centro de Suzano. Os agentes municipais avaliar\u00e3o os documentos e as condi\u00e7\u00f5es de seguran\u00e7a veicular, como estado da carroceria, pneus, sistema de ilumina\u00e7\u00e3o, cintos de seguran\u00e7a, entre outros. Para mais informa\u00e7\u00f5es basta ligar para o telefone (11) 4746-1166.<\/p>\n\n\n\n<p>Se o autom\u00f3vel for aprovado, ser\u00e1 marcada uma data para efetuar a renova\u00e7\u00e3o contratual de presta\u00e7\u00e3o de servi\u00e7os de transporte p\u00fablico complementar. A pasta estima que deve atender uma m\u00e9dia de 20 ve\u00edculos por dia. A expectativa \u00e9 que at\u00e9 o fim do processo de vistoria, em 23 de maio (sexta-feira), todas as 147 vans em opera\u00e7\u00e3o sejam devidamente inspecionadas e, se estiverem em conformidade com as exig\u00eancias municipais, recebam a autoriza\u00e7\u00e3o para dar continuidade aos trabalhos.<\/p>\n\n\n\n<p>O secret\u00e1rio municipal de Transportes e Mobilidade Urbana, Claudinei Galo, destacou que essa vistoria ocorre de forma anual e \u00e9 essencial para refor\u00e7ar a seguran\u00e7a e o bem-estar dos passageiros, que utilizam o sistema p\u00fablico para se locomover dentro da cidade. \u201cO transporte complementar recebe diariamente uma grande quantia de passageiros. Com a inspe\u00e7\u00e3o, garantimos que os cidad\u00e3os estejam sendo transportados com toda a estrutura de seguran\u00e7a necess\u00e1ria, de acordo com as normas municipais\u201d, afirmou.<\/p>\n\n\n\n<p>Cr\u00e9dito das fotos: Irineu Junior\/Secop Suzano<\/p>\n","protected":false},"excerpt":{"rendered":"<div class=\"mh-excerpt\"><p>Expectativa \u00e9 que todas as 147 vans de transporte p\u00fablico da cidade sejam inspecionadas at\u00e9 a pr\u00f3xima sexta-feira A Secretaria de Transportes e Mobilidade Urbana <a class=\"mh-excerpt-more\" href=\"https:\/\/novosaopaulo.com.br\/index.php\/2021\/04\/19\/suzano-inicia-vistoria-de-vans-de-transporte-complementar\/\" title=\"Suzano inicia vistoria de vans de transporte complementar\">[&#8230;]<\/a><\/p>\n<\/div>","protected":false},"author":1,"featured_media":4682,"comment_status":"open","ping_status":"open","sticky":false,"template":"","format":"standard","meta":{"footnotes":""},"categories":[2],"tags":[],"class_list":["post-4681","post","type-post","status-publish","format-standard","has-post-thumbnail","hentry","category-geral"],"_links":{"self":[{"href":"https:\/\/novosaopaulo.com.br\/index.php\/wp-json\/wp\/v2\/posts\/4681"}],"collection":[{"href":"https:\/\/novosaopaulo.com.br\/index.php\/wp-json\/wp\/v2\/posts"}],"about":[{"href":"https:\/\/novosaopaulo.com.br\/index.php\/wp-json\/wp\/v2\/types\/post"}],"author":[{"embeddable":true,"href":"https:\/\/novosaopaulo.com.br\/index.php\/wp-json\/wp\/v2\/users\/1"}],"replies":[{"embeddable":true,"href":"https:\/\/novosaopaulo.com.br\/index.php\/wp-json\/wp\/v2\/comments?post=4681"}],"version-history":[{"count":1,"href":"https:\/\/novosaopaulo.com.br\/index.php\/wp-json\/wp\/v2\/posts\/4681\/revisions"}],"predecessor-version":[{"id":4683,"href":"https:\/\/novosaopaulo.com.br\/index.php\/wp-json\/wp\/v2\/posts\/4681\/revisions\/4683"}],"wp:featuredmedia":[{"embeddable":true,"href":"https:\/\/novosaopaulo.com.br\/index.php\/wp-json\/wp\/v2\/media\/4682"}],"wp:attachment":[{"href":"https:\/\/novosaopaulo.com.br\/index.php\/wp-json\/wp\/v2\/media?parent=4681"}],"wp:term":[{"taxonomy":"category","embeddable":true,"href":"https:\/\/novosaopaulo.com.br\/index.php\/wp-json\/wp\/v2\/categories?post=4681"},{"taxonomy":"post_tag","embeddable":true,"href":"https:\/\/novosaopaulo.com.br\/index.php\/wp-json\/wp\/v2\/tags?post=4681"}],"curies":[{"name":"wp","href":"https:\/\/api.w.org\/{rel}","templated":true}]}}