{"id":4668,"date":"2021-04-19T14:12:42","date_gmt":"2021-04-19T17:12:42","guid":{"rendered":"http:\/\/novosaopaulo.com.br\/?p=4668"},"modified":"2021-04-19T14:12:42","modified_gmt":"2021-04-19T17:12:42","slug":"itaquaquecetuba-prorroga-vacinacao-dos-profissionais-da-educacao-ate-amanha","status":"publish","type":"post","link":"https:\/\/novosaopaulo.com.br\/index.php\/2021\/04\/19\/itaquaquecetuba-prorroga-vacinacao-dos-profissionais-da-educacao-ate-amanha\/","title":{"rendered":"Itaquaquecetuba prorroga vacina\u00e7\u00e3o dos profissionais da Educa\u00e7\u00e3o at\u00e9 amanh\u00e3"},"content":{"rendered":"\n<p>Os servidores da Educa\u00e7\u00e3o com 47 anos ou mais do Estado, munic\u00edpio e rede privada que ainda n\u00e3o foram vacinados contra a Covid-19 ter\u00e3o at\u00e9 esta ter\u00e7a-feira (20) para se vacinar em Itaquaquecetuba. Todos devem ir ao drive-thru da Univeritas\/Ung (avenida Uberaba, 251 \u2013 Vila Virg\u00ednia), das 8h \u00e0s 15h.<\/p>\n\n\n\n<p>Antes de se vacinar, \u00e9 necess\u00e1rio fazer o cadastro pelo site do governo estadual Vacina J\u00e1 Educa\u00e7\u00e3o (<a href=\"http:\/\/vacinaja.educacao.sp.gov.br\/\" target=\"_blank\" rel=\"noreferrer noopener\">vacinaja.educacao.sp.gov.br<\/a>), depois realizar o agendamento pelo site disponibilizado pela Secretaria Municipal de Sa\u00fade de Itaquaquecetuba (<a href=\"http:\/\/steam360.com.br\/VacinaItaqua\" target=\"_blank\" rel=\"noreferrer noopener\">steam360.com.br\/VacinaItaqua<\/a>) para escolher o dia e hor\u00e1rio. Lembrando que s\u00f3 quem tem 47 anos ou mais conseguir\u00e1 concluir o agendamento.<\/p>\n\n\n\n<p>No dia da vacina\u00e7\u00e3o \u00e9 preciso apresentar o comprovante do cadastro no Vacina J\u00e1 Educa\u00e7\u00e3o, o comprovante do agendamento e documento de identidade que contenha foto e n\u00famero do CPF.<br><strong>Foto: Ver\u00f4nica Ribeiro<\/strong><\/p>\n","protected":false},"excerpt":{"rendered":"<div class=\"mh-excerpt\"><p>Os servidores da Educa\u00e7\u00e3o com 47 anos ou mais do Estado, munic\u00edpio e rede privada que ainda n\u00e3o foram vacinados contra a Covid-19 ter\u00e3o at\u00e9 <a class=\"mh-excerpt-more\" href=\"https:\/\/novosaopaulo.com.br\/index.php\/2021\/04\/19\/itaquaquecetuba-prorroga-vacinacao-dos-profissionais-da-educacao-ate-amanha\/\" title=\"Itaquaquecetuba prorroga vacina\u00e7\u00e3o dos profissionais da Educa\u00e7\u00e3o at\u00e9 amanh\u00e3\">[&#8230;]<\/a><\/p>\n<\/div>","protected":false},"author":1,"featured_media":4669,"comment_status":"open","ping_status":"open","sticky":false,"template":"","format":"standard","meta":{"footnotes":""},"categories":[3],"tags":[],"class_list":["post-4668","post","type-post","status-publish","format-standard","has-post-thumbnail","hentry","category-cidades"],"_links":{"self":[{"href":"https:\/\/novosaopaulo.com.br\/index.php\/wp-json\/wp\/v2\/posts\/4668"}],"collection":[{"href":"https:\/\/novosaopaulo.com.br\/index.php\/wp-json\/wp\/v2\/posts"}],"about":[{"href":"https:\/\/novosaopaulo.com.br\/index.php\/wp-json\/wp\/v2\/types\/post"}],"author":[{"embeddable":true,"href":"https:\/\/novosaopaulo.com.br\/index.php\/wp-json\/wp\/v2\/users\/1"}],"replies":[{"embeddable":true,"href":"https:\/\/novosaopaulo.com.br\/index.php\/wp-json\/wp\/v2\/comments?post=4668"}],"version-history":[{"count":1,"href":"https:\/\/novosaopaulo.com.br\/index.php\/wp-json\/wp\/v2\/posts\/4668\/revisions"}],"predecessor-version":[{"id":4670,"href":"https:\/\/novosaopaulo.com.br\/index.php\/wp-json\/wp\/v2\/posts\/4668\/revisions\/4670"}],"wp:featuredmedia":[{"embeddable":true,"href":"https:\/\/novosaopaulo.com.br\/index.php\/wp-json\/wp\/v2\/media\/4669"}],"wp:attachment":[{"href":"https:\/\/novosaopaulo.com.br\/index.php\/wp-json\/wp\/v2\/media?parent=4668"}],"wp:term":[{"taxonomy":"category","embeddable":true,"href":"https:\/\/novosaopaulo.com.br\/index.php\/wp-json\/wp\/v2\/categories?post=4668"},{"taxonomy":"post_tag","embeddable":true,"href":"https:\/\/novosaopaulo.com.br\/index.php\/wp-json\/wp\/v2\/tags?post=4668"}],"curies":[{"name":"wp","href":"https:\/\/api.w.org\/{rel}","templated":true}]}}