{"id":4660,"date":"2021-04-14T18:57:11","date_gmt":"2021-04-14T21:57:11","guid":{"rendered":"http:\/\/novosaopaulo.com.br\/?p=4660"},"modified":"2021-04-14T18:57:11","modified_gmt":"2021-04-14T21:57:11","slug":"cultura-transmite-trajetoria-literaria-nesta-quinta-feira","status":"publish","type":"post","link":"https:\/\/novosaopaulo.com.br\/index.php\/2021\/04\/14\/cultura-transmite-trajetoria-literaria-nesta-quinta-feira\/","title":{"rendered":"Cultura transmite \u2018Trajet\u00f3ria Liter\u00e1ria\u2019 nesta quinta-feira"},"content":{"rendered":"\n<p><em>Para falar sobre obras e assuntos do universo liter\u00e1rio, o convidado nesta primeira edi\u00e7\u00e3o de 2021 \u00e9 o professor e escritor, Marco Maida<\/em><\/p>\n\n\n\n<p>A Secretaria de Cultura de Suzano dando continuidade \u00e0s celebra\u00e7\u00f5es de anivers\u00e1rio de 72 anos de emancipa\u00e7\u00e3o pol\u00edtico-administrativa do munic\u00edpio transmite nesta quinta-feira (15\/04), a partir das 19 horas, a primeira edi\u00e7\u00e3o do ano do projeto \u201cTrajet\u00f3ria Liter\u00e1ria\u201d.&nbsp; A transmiss\u00e3o acontecer\u00e1 no Facebook (@culturadesuzano) da pasta e no canal no Youtube da Prefeitura de Suzano (<a href=\"http:\/\/bit.ly\/TVPrefeituradeSuzano\" target=\"_blank\" rel=\"noreferrer noopener\">bit.ly\/TVPrefeituradeSuzano<\/a>).<\/p>\n\n\n\n<p>Nesta edi\u00e7\u00e3o comemorativa, o idealizador e mediador do projeto, o escritor Ademiro Alves de Sousa, o Sacolinha, traz como convidado para um bate-papo sobre a carreira, seus projetos e outros assuntos ligados ao universo liter\u00e1rio, o tamb\u00e9m escritor, professor universit\u00e1rio e fil\u00f3sofo Marco Aur\u00e9lio Pinheiro Maida.<\/p>\n\n\n\n<p>Marco Maida \u00e9 formado em Filosofia pela Faculdade do Sagrado Cora\u00e7\u00e3o de Jesus e mestre em Educa\u00e7\u00e3o pela Faculdade de Educa\u00e7\u00e3o da Universidade de S\u00e3o Paulo. Leciona no curso de Licenciatura em Pedagogia da Faculdade Unisuz e no curso de Bacharelado em Filosofia da Faculdade de Filosofia e Teologia Paulo VI. Comp\u00f5e ainda o coletivo do Instituto de Pesquisa em Educa\u00e7\u00e3o, que tem por objetivo estudar a Hist\u00f3ria da Educa\u00e7\u00e3o de Suzano. Membro do F\u00f3rum Municipal de Educa\u00e7\u00e3o, \u00e9 tamb\u00e9m autor do&nbsp;livro de contos &#8220;Mem\u00f3rias de On\u00e3&#8221;.<\/p>\n\n\n\n<p>O projeto Trajet\u00f3ria Liter\u00e1ria foi criado em 2005 e tem por objetivo incentivar a leitura trazendo para a cidade escritores&nbsp;nacionalmente conhecidos para falar ao p\u00fablico de seus livros, seus projetos e outros assuntos ligados ao universo liter\u00e1rio. Em s\u00edntese \u00e9 um projeto que aproxima os leitores dos escritores.<\/p>\n\n\n\n<p>Nomes como Concei\u00e7\u00e3o Evaristo, Ign\u00e1cio de Loyola Brand\u00e3o, Paulo Lins, Xico S\u00e1, Ferreira Gullar, Ant\u00f4nio Skarmeta, Cidinha da Silva, Jarid Arraes e Ariano Suassuna j\u00e1 participaram de outras edi\u00e7\u00f5es. Desde de sua origem, a media\u00e7\u00e3o dos encontros \u00e9 feita pelo escritor Sacolinha, que \u00e9 escritor, autor de romances, livros de contos e cr\u00f4nicas.<\/p>\n\n\n\n<p>Formado em Letras pela Universidade de Mogi das Cruzes (UMC), j\u00e1 esteve em programas de televis\u00e3o como J\u00f4, Provoca\u00e7\u00f5es, Metr\u00f3polis e Manos e Minas. Ganhou v\u00e1rios pr\u00eamios por seus livros e projetos. Desenvolve ainda uma palestra por semana nas escolas p\u00fablicas do estado de S\u00e3o Paulo.<\/p>\n\n\n\n<p>Seu \u00faltimo livro &#8220;Entre amar e morrer, eu escolho sofrer&#8221; \u00e9 uma fic\u00e7\u00e3o que acontece nesse momento de pandemia do novo coronav\u00edrus (Covid-19) e que provoca o p\u00fablico para refletir sobre o papel da sociedade e da pol\u00edtica, al\u00e9m de trazer discuss\u00f5es sobre quest\u00f5es raciais.<\/p>\n\n\n\n<p>Atualmente, Sacolinha realiza o projeto \u201cLiteratura e Paisagismo \u2013 Revitalizando a Quebrada\u201d, que tem por objetivo a interven\u00e7\u00e3o em espa\u00e7os p\u00fablicos na periferia com literatura, grafite e o plantio de \u00e1rvores.<\/p>\n\n\n\n<p>O secret\u00e1rio municipal de Cultura, o vice-prefeito Walmir Pinto, explica que, com o agravamento da pandemia, foi identificada a necessidade de apoiar os escritores da cidade, por isso, a prioridade para esta e para as pr\u00f3ximas edi\u00e7\u00f5es \u00e9 de trazer cada vez mais autores locais.&nbsp;\u201cNeste ano, devido \u00e0 pandemia, estamos dando prioridade aos autores da cidade, como uma forma de gerar renda a esses escritores que est\u00e3o sendo bastante prejudicados\u201d, explicou.<\/p>\n\n\n\n<p>Cr\u00e9dito das fotos: Wanderley Costa\/Secop Suzano<\/p>\n","protected":false},"excerpt":{"rendered":"<div class=\"mh-excerpt\"><p>Para falar sobre obras e assuntos do universo liter\u00e1rio, o convidado nesta primeira edi\u00e7\u00e3o de 2021 \u00e9 o professor e escritor, Marco Maida A Secretaria <a class=\"mh-excerpt-more\" href=\"https:\/\/novosaopaulo.com.br\/index.php\/2021\/04\/14\/cultura-transmite-trajetoria-literaria-nesta-quinta-feira\/\" title=\"Cultura transmite \u2018Trajet\u00f3ria Liter\u00e1ria\u2019 nesta quinta-feira\">[&#8230;]<\/a><\/p>\n<\/div>","protected":false},"author":1,"featured_media":4661,"comment_status":"open","ping_status":"open","sticky":false,"template":"","format":"standard","meta":{"footnotes":""},"categories":[3],"tags":[],"class_list":["post-4660","post","type-post","status-publish","format-standard","has-post-thumbnail","hentry","category-cidades"],"_links":{"self":[{"href":"https:\/\/novosaopaulo.com.br\/index.php\/wp-json\/wp\/v2\/posts\/4660"}],"collection":[{"href":"https:\/\/novosaopaulo.com.br\/index.php\/wp-json\/wp\/v2\/posts"}],"about":[{"href":"https:\/\/novosaopaulo.com.br\/index.php\/wp-json\/wp\/v2\/types\/post"}],"author":[{"embeddable":true,"href":"https:\/\/novosaopaulo.com.br\/index.php\/wp-json\/wp\/v2\/users\/1"}],"replies":[{"embeddable":true,"href":"https:\/\/novosaopaulo.com.br\/index.php\/wp-json\/wp\/v2\/comments?post=4660"}],"version-history":[{"count":2,"href":"https:\/\/novosaopaulo.com.br\/index.php\/wp-json\/wp\/v2\/posts\/4660\/revisions"}],"predecessor-version":[{"id":4663,"href":"https:\/\/novosaopaulo.com.br\/index.php\/wp-json\/wp\/v2\/posts\/4660\/revisions\/4663"}],"wp:featuredmedia":[{"embeddable":true,"href":"https:\/\/novosaopaulo.com.br\/index.php\/wp-json\/wp\/v2\/media\/4661"}],"wp:attachment":[{"href":"https:\/\/novosaopaulo.com.br\/index.php\/wp-json\/wp\/v2\/media?parent=4660"}],"wp:term":[{"taxonomy":"category","embeddable":true,"href":"https:\/\/novosaopaulo.com.br\/index.php\/wp-json\/wp\/v2\/categories?post=4660"},{"taxonomy":"post_tag","embeddable":true,"href":"https:\/\/novosaopaulo.com.br\/index.php\/wp-json\/wp\/v2\/tags?post=4660"}],"curies":[{"name":"wp","href":"https:\/\/api.w.org\/{rel}","templated":true}]}}