{"id":4657,"date":"2021-04-14T15:31:52","date_gmt":"2021-04-14T18:31:52","guid":{"rendered":"http:\/\/novosaopaulo.com.br\/?p=4657"},"modified":"2021-04-14T15:31:52","modified_gmt":"2021-04-14T18:31:52","slug":"o-baixo-nivel-dos-reservatorios-e-o-impacto-na-geracao-de-energia","status":"publish","type":"post","link":"https:\/\/novosaopaulo.com.br\/index.php\/2021\/04\/14\/o-baixo-nivel-dos-reservatorios-e-o-impacto-na-geracao-de-energia\/","title":{"rendered":"O baixo n\u00edvel dos reservat\u00f3rios e o impacto na gera\u00e7\u00e3o de energia"},"content":{"rendered":"\n<p><em>Por Valdo Marques<\/em><\/p>\n\n\n\n<p>Milhares de mortes diariamente, h\u00e1 meses, e uma crise econ\u00f4mica nacional, respons\u00e1vel por ampliar a taxa de desemprego e tornar quase invi\u00e1vel o futuro de v\u00e1rias empresas de diferentes setores. N\u00e3o obstante todos esses problemas, a pandemia de Covid-19 tamb\u00e9m relegou para segundo plano situa\u00e7\u00f5es que podem gerar enormes preju\u00edzos ao Brasil como um todo, num futuro pr\u00f3ximo.Entre elas est\u00e1 o baixo n\u00edvel dos reservat\u00f3rios de \u00e1gua das hidrel\u00e9tricas do subsistema Sudeste\/Centro-Oeste. O m\u00eas de janeiro de 2021 registrou o pior n\u00edvel para o per\u00edodo desde 2015, segundo dados do Operador Nacional do Sistema El\u00e9trico (ONS).Os reservat\u00f3rios citados, respons\u00e1veis por mais da metade da energia produzida no Brasil, registraram apenas 23,2% de armazenamento m\u00e9dio no in\u00edcio do ano. Os \u00edndices de chuva nestas regi\u00f5es est\u00e3o historicamente mais baixos. Em janeiro deste ano, o volume de \u00e1gua que chegou aos reservat\u00f3rios das hidrel\u00e9tricas foi o menor para o m\u00eas em 85 anos.<\/p>\n\n\n\n<p>Nos \u00faltimos 10 anos, \u00e9 bem verdade, houve incremento expressivo da gera\u00e7\u00e3o e\u00f3lica nacional, cuja participa\u00e7\u00e3o passou de 0,8% para 9%. Ainda assim, aproximadamente 65% da nossa matriz energ\u00e9tica depende diretamente da capacidade de gera\u00e7\u00e3o hidrel\u00e9trica. Ou seja, ainda que n\u00e3o estiv\u00e9ssemos enfrentando uma pandemia sem precedentes, as perspectivas econ\u00f4micas j\u00e1 seriam cr\u00edticas, em fun\u00e7\u00e3o do risco de falta de energia. Inclusive, h\u00e1 opini\u00f5es que creditam \u00e0 pr\u00f3pria desacelera\u00e7\u00e3o econ\u00f4mica, advinda do Covid-19, n\u00e3o estarmos sob amea\u00e7a de um novo apag\u00e3o.<br>Por isso, torna-se cada vez mais premente o investimento em fontes energ\u00e9ticas que n\u00e3o deixem o pa\u00eds em uma situa\u00e7\u00e3o perigosa, dependendo unicamente de fatores cujo controle est\u00e1 fora de seu alcance. Tecnologia e inova\u00e7\u00e3o podem \u2013 e devem \u2013 ser aliadas dos players do setor energ\u00e9tico nacional, com o objetivo de oferecer solu\u00e7\u00f5es inteligentes e sustent\u00e1veis.Por outro lado, instala\u00e7\u00f5es e equipamentos que n\u00e3o requerem obras nem demandem reabastecimento constante, e que forne\u00e7am energia de forma segura e pr\u00e1tica, devem fazer parte do planejamento das empresas, condom\u00ednios residenciais e prestadoras de servi\u00e7os indispens\u00e1veis. N\u00e3o importa o tamanho nem o setor da companhia.<\/p>\n\n\n\n<p>Atividades cr\u00edticas, por exemplo, podem contar com alimenta\u00e7\u00e3o energ\u00e9tica cont\u00ednua e ininterrupta, com o uso de grupos geradores. O modelo garante maior flexibilidade e seguran\u00e7a, podendo, inclusive, ser formatado com duas m\u00e1quinas no mesmo container, atuando um em conting\u00eancia do outro ou mesmo em paralelo.Os geradores a g\u00e1s, por sua vez, tamb\u00e9m s\u00e3o uma alternativa vi\u00e1vel para empresas que exigem confiabilidade, combinada com baixas emiss\u00f5es atmosf\u00e9ricas. Inclusive, em algumas (poucas, \u00e9 verdade) regi\u00f5es do pa\u00eds, a rede de g\u00e1s pode abastecer continuamente, garantindo autonomia com seguran\u00e7a.<\/p>\n\n\n\n<p>S\u00e3o diversas as op\u00e7\u00f5es para que o pa\u00eds n\u00e3o se torne ref\u00e9m de um \u00fanico modelo energ\u00e9tico, sujeito a fatores quase imprevis\u00edveis e fatalmente prejudiciais para o correto andamento das atividades econ\u00f4micas, assim como daquelas correlacionadas \u00e0 seguran\u00e7a, sa\u00fade e conforto da popula\u00e7\u00e3o. A Stemac, especialista na fabrica\u00e7\u00e3o e comercializa\u00e7\u00e3o de grupos de geradores, segue firme neste prop\u00f3sito, desenvolvendo sistemas de controle e prote\u00e7\u00e3o que tornam a usabilidade mais eficaz e segura, auxiliando o cliente na redu\u00e7\u00e3o do consumo energ\u00e9tico e garantindo fornecimento de energia sem interrup\u00e7\u00e3o.O fato \u00e9 que a pandemia ainda seguir\u00e1 por alguns longos meses, infelizmente, exigindo paci\u00eancia e resili\u00eancia dos brasileiros, em diversos \u00e2mbitos. Mas cabe, tamb\u00e9m, ao Poder P\u00fablico propiciar um ambiente favor\u00e1vel ao desenvolvimento da economia, impedindo que o Brasil afunde em outras crises, principalmente por raz\u00f5es que podem ser evitadas.<strong><em>Valdo Marques \u00e9 Vice-Presidente Executivo da Stemac, empresa que oferece solu\u00e7\u00f5es em geradores comercial, industrial e residencial<\/em><\/strong><\/p>\n","protected":false},"excerpt":{"rendered":"<div class=\"mh-excerpt\"><p>Por Valdo Marques Milhares de mortes diariamente, h\u00e1 meses, e uma crise econ\u00f4mica nacional, respons\u00e1vel por ampliar a taxa de desemprego e tornar quase invi\u00e1vel <a class=\"mh-excerpt-more\" href=\"https:\/\/novosaopaulo.com.br\/index.php\/2021\/04\/14\/o-baixo-nivel-dos-reservatorios-e-o-impacto-na-geracao-de-energia\/\" title=\"O baixo n\u00edvel dos reservat\u00f3rios e o impacto na gera\u00e7\u00e3o de energia\">[&#8230;]<\/a><\/p>\n<\/div>","protected":false},"author":1,"featured_media":4658,"comment_status":"open","ping_status":"open","sticky":false,"template":"","format":"standard","meta":{"footnotes":""},"categories":[2],"tags":[],"class_list":["post-4657","post","type-post","status-publish","format-standard","has-post-thumbnail","hentry","category-geral"],"_links":{"self":[{"href":"https:\/\/novosaopaulo.com.br\/index.php\/wp-json\/wp\/v2\/posts\/4657"}],"collection":[{"href":"https:\/\/novosaopaulo.com.br\/index.php\/wp-json\/wp\/v2\/posts"}],"about":[{"href":"https:\/\/novosaopaulo.com.br\/index.php\/wp-json\/wp\/v2\/types\/post"}],"author":[{"embeddable":true,"href":"https:\/\/novosaopaulo.com.br\/index.php\/wp-json\/wp\/v2\/users\/1"}],"replies":[{"embeddable":true,"href":"https:\/\/novosaopaulo.com.br\/index.php\/wp-json\/wp\/v2\/comments?post=4657"}],"version-history":[{"count":1,"href":"https:\/\/novosaopaulo.com.br\/index.php\/wp-json\/wp\/v2\/posts\/4657\/revisions"}],"predecessor-version":[{"id":4659,"href":"https:\/\/novosaopaulo.com.br\/index.php\/wp-json\/wp\/v2\/posts\/4657\/revisions\/4659"}],"wp:featuredmedia":[{"embeddable":true,"href":"https:\/\/novosaopaulo.com.br\/index.php\/wp-json\/wp\/v2\/media\/4658"}],"wp:attachment":[{"href":"https:\/\/novosaopaulo.com.br\/index.php\/wp-json\/wp\/v2\/media?parent=4657"}],"wp:term":[{"taxonomy":"category","embeddable":true,"href":"https:\/\/novosaopaulo.com.br\/index.php\/wp-json\/wp\/v2\/categories?post=4657"},{"taxonomy":"post_tag","embeddable":true,"href":"https:\/\/novosaopaulo.com.br\/index.php\/wp-json\/wp\/v2\/tags?post=4657"}],"curies":[{"name":"wp","href":"https:\/\/api.w.org\/{rel}","templated":true}]}}