{"id":4654,"date":"2021-04-14T15:29:04","date_gmt":"2021-04-14T18:29:04","guid":{"rendered":"http:\/\/novosaopaulo.com.br\/?p=4654"},"modified":"2021-04-14T15:29:04","modified_gmt":"2021-04-14T18:29:04","slug":"inscricoes-para-qualificacao-de-trabalhos-para-o-premio-senam-2021-tem-data-prorrogada-ate-19-de-abril","status":"publish","type":"post","link":"https:\/\/novosaopaulo.com.br\/index.php\/2021\/04\/14\/inscricoes-para-qualificacao-de-trabalhos-para-o-premio-senam-2021-tem-data-prorrogada-ate-19-de-abril\/","title":{"rendered":"Inscri\u00e7\u00f5es para qualifica\u00e7\u00e3o de trabalhos para o Pr\u00eamio SENAM 2021 tem data prorrogada at\u00e9 19 de abril"},"content":{"rendered":"\n<p><em>O evento, um dos maiores da Am\u00e9rica Latina sobre a Gest\u00e3o Fiscal dos Munic\u00edpios, acontece entre os dias 03 e 05 de agosto de 2021, de forma totalmente online. A cada evento, s\u00e3o apresentados trabalhos relativos aos temas, e os melhores, escolhidos por uma comiss\u00e3o avaliadora, s\u00e3o inclu\u00eddos no livro oficial do SENAM. As inscri\u00e7\u00f5es para os trabalhos deste ano j\u00e1 est\u00e3o abertas e podem ser realizadas at\u00e9 o da 19 de abril.<\/em><\/p>\n\n\n\n<p>O evento, organizado pela AAFIT \u2013 Associa\u00e7\u00e3o dos Auditores-Fiscais Tribut\u00e1rios do Munic\u00edpio de S\u00e3o Paulo, vai acontecer, pela primeira vez, de forma totalmente online. Os trabalhos apresentados para o Pr\u00eamio SENAM que obtiverem destaque da banca examinadora integrar\u00e3o o livro \u201cGest\u00e3o Fiscal Municipal \u2013 Tributa\u00e7\u00e3o, Or\u00e7amento e Gasto P\u00fablico\u201d vol.8, que ser\u00e1 publicado em parceria com a Editora Quartier Latin e ser\u00e1 lan\u00e7ado no XI SENAM\u00ae. Este ano, os temas s\u00e3o Gest\u00e3o Tribut\u00e1ria e Gest\u00e3o Or\u00e7ament\u00e1ria ou do Gasto P\u00fablico.<\/p>\n\n\n\n<p>As inscri\u00e7\u00f5es para o Pr\u00eamio SENAM 2021 j\u00e1 est\u00e3o abertas e os trabalhos devem ser atuais, aplic\u00e1veis para o contexto brasileiro, com enfoque nos Munic\u00edpios, ou em sua rela\u00e7\u00e3o com os demais entes federados \u2013 Uni\u00e3o e Estados. Ser\u00e3o premiados os dois primeiros em cada categoria, sendo R$ 5 mil ao primeiro colocado e R$ 3 mil ao segundo. Os trabalhos devem seguir o regulamento de aspectos formais XI SENAM.<\/p>\n\n\n\n<p>Cada autor pode inscrever apenas um trabalho para avalia\u00e7\u00e3o.&nbsp;Ser\u00e3o aceitos trabalhos exclusivamente atrav\u00e9s do Sistema de Submiss\u00e3o de Trabalhos, que tiveram a data de entrega prorrogada at\u00e9&nbsp;<strong>19 de abril<\/strong>. Entenda as categorias escolhidas para este ano:<\/p>\n\n\n\n<ul class=\"wp-block-list\"><li><strong>Gest\u00e3o Tribut\u00e1ria:<\/strong><\/li><\/ul>\n\n\n\n<p>Temas relacionados a Gest\u00e3o na Administra\u00e7\u00e3o Tribut\u00e1ria (boas pr\u00e1ticas em quaisquer \u00f3rg\u00e3os de Administra\u00e7\u00e3o Tribut\u00e1ria, sejam de legisla\u00e7\u00e3o, fiscaliza\u00e7\u00e3o, arrecada\u00e7\u00e3o e cobran\u00e7a de tributos, relacionadas ou n\u00e3o a uso de sistemas) e Direito Tribut\u00e1rio Material e Processual (interpreta\u00e7\u00e3o da legisla\u00e7\u00e3o tribut\u00e1ria).<\/p>\n\n\n\n<ul class=\"wp-block-list\"><li><strong>Gest\u00e3o Or\u00e7ament\u00e1ria ou do Gasto P\u00fablico:<\/strong><\/li><\/ul>\n\n\n\n<p>Temas a respeito de pol\u00edtica econ\u00f4mica e financeira do Munic\u00edpio, observando-se a Lei de Responsabilidade Fiscal \u2013 LRF;&nbsp;controle dos gastos p\u00fablicos;&nbsp;controle da d\u00edvida municipal;&nbsp;administra\u00e7\u00e3o dos compromissos financeiros, haveres e disponibilidades do Munic\u00edpio;&nbsp;controlo da arrecada\u00e7\u00e3o or\u00e7ament\u00e1ria e extra or\u00e7ament\u00e1ria do Munic\u00edpio;&nbsp;gerenciamento e administra\u00e7\u00e3o das d\u00edvidas interna e externa do Munic\u00edpio, opera\u00e7\u00e3o de cr\u00e9dito e de repasses realizados por meio de conv\u00eanios e acordos.&nbsp;Contabilidade dos atos e fatos da Administra\u00e7\u00e3o e dos demonstrativos cont\u00e1beis.<\/p>\n\n\n\n<p><em>Link do evento:&nbsp;<\/em><a href=\"https:\/\/senam.org.br\/\" target=\"_blank\" rel=\"noreferrer noopener\"><em>https:\/\/senam.org.br\/<\/em><\/a><\/p>\n\n\n\n<p><strong>Sobre o SENAM<\/strong><\/p>\n\n\n\n<p>O SENAM\u00ae busca identificar, avaliar, documentar e difundir as melhores pr\u00e1ticas de Gest\u00e3o Fiscal em Munic\u00edpios, contribuir para um melhor desempenho das Administra\u00e7\u00f5es Tribut\u00e1rias Municipais, aprimorar a capacidade t\u00e9cnica dos \u00f3rg\u00e3os arrecadadores e a qualidade do atendimento ao p\u00fablico, debater quest\u00f5es relacionadas \u00e0 melhoria do gasto p\u00fablico municipal e fortalece as Prefeituras para cumprirem sua miss\u00e3o junto \u00e0 sociedade.&nbsp;O SENAM\u00ae busca tamb\u00e9m apresentar e discutir temas jur\u00eddicos pol\u00eamicos da atualidade, particularmente do Direito Tribut\u00e1rio Municipal de Material (ISS, IPTU e ITBI) e de Processo Tribut\u00e1rio, n\u00e3o s\u00f3 vivenciados pelos diversos Conselhos Municipais de Tributos, mas tamb\u00e9m pela doutrina jurisprud\u00eancia judicial.<\/p>\n","protected":false},"excerpt":{"rendered":"<div class=\"mh-excerpt\"><p>O evento, um dos maiores da Am\u00e9rica Latina sobre a Gest\u00e3o Fiscal dos Munic\u00edpios, acontece entre os dias 03 e 05 de agosto de 2021, <a class=\"mh-excerpt-more\" href=\"https:\/\/novosaopaulo.com.br\/index.php\/2021\/04\/14\/inscricoes-para-qualificacao-de-trabalhos-para-o-premio-senam-2021-tem-data-prorrogada-ate-19-de-abril\/\" title=\"Inscri\u00e7\u00f5es para qualifica\u00e7\u00e3o de trabalhos para o Pr\u00eamio SENAM 2021 tem data prorrogada at\u00e9 19 de abril\">[&#8230;]<\/a><\/p>\n<\/div>","protected":false},"author":1,"featured_media":4655,"comment_status":"open","ping_status":"open","sticky":false,"template":"","format":"standard","meta":{"footnotes":""},"categories":[2],"tags":[],"class_list":["post-4654","post","type-post","status-publish","format-standard","has-post-thumbnail","hentry","category-geral"],"_links":{"self":[{"href":"https:\/\/novosaopaulo.com.br\/index.php\/wp-json\/wp\/v2\/posts\/4654"}],"collection":[{"href":"https:\/\/novosaopaulo.com.br\/index.php\/wp-json\/wp\/v2\/posts"}],"about":[{"href":"https:\/\/novosaopaulo.com.br\/index.php\/wp-json\/wp\/v2\/types\/post"}],"author":[{"embeddable":true,"href":"https:\/\/novosaopaulo.com.br\/index.php\/wp-json\/wp\/v2\/users\/1"}],"replies":[{"embeddable":true,"href":"https:\/\/novosaopaulo.com.br\/index.php\/wp-json\/wp\/v2\/comments?post=4654"}],"version-history":[{"count":1,"href":"https:\/\/novosaopaulo.com.br\/index.php\/wp-json\/wp\/v2\/posts\/4654\/revisions"}],"predecessor-version":[{"id":4656,"href":"https:\/\/novosaopaulo.com.br\/index.php\/wp-json\/wp\/v2\/posts\/4654\/revisions\/4656"}],"wp:featuredmedia":[{"embeddable":true,"href":"https:\/\/novosaopaulo.com.br\/index.php\/wp-json\/wp\/v2\/media\/4655"}],"wp:attachment":[{"href":"https:\/\/novosaopaulo.com.br\/index.php\/wp-json\/wp\/v2\/media?parent=4654"}],"wp:term":[{"taxonomy":"category","embeddable":true,"href":"https:\/\/novosaopaulo.com.br\/index.php\/wp-json\/wp\/v2\/categories?post=4654"},{"taxonomy":"post_tag","embeddable":true,"href":"https:\/\/novosaopaulo.com.br\/index.php\/wp-json\/wp\/v2\/tags?post=4654"}],"curies":[{"name":"wp","href":"https:\/\/api.w.org\/{rel}","templated":true}]}}