{"id":4637,"date":"2021-04-12T19:38:04","date_gmt":"2021-04-12T22:38:04","guid":{"rendered":"http:\/\/novosaopaulo.com.br\/?p=4637"},"modified":"2021-04-12T19:38:04","modified_gmt":"2021-04-12T22:38:04","slug":"artigo-ore-terra-amada","status":"publish","type":"post","link":"https:\/\/novosaopaulo.com.br\/index.php\/2021\/04\/12\/artigo-ore-terra-amada\/","title":{"rendered":"Artigo &#8211; Ore, Terra amada!"},"content":{"rendered":"\n<p>Por Paiva  Netto<\/p>\n\n\n\n<p>Abril \u00e9 um m\u00eas de importantes celebra\u00e7\u00f5es para o pa\u00eds e para o planeta: 19, Dia do \u00cdndio; 21, <strong>Tiradentes<\/strong> e Inaugura\u00e7\u00e3o de Bras\u00edlia; e 22, al\u00e9m de ser o Dia da Terra, marca o \u201cachamento\u201d do Brasil, em 1500, por&nbsp;<strong>Pedro \u00c1lvares Cabral<\/strong>&nbsp;(1467-1520).<\/p>\n\n\n\n<p>Considero oportuno, inspirado pela operosa F\u00e9 em prol do bem desta na\u00e7\u00e3o, sempre buscar renovadas energias no Pai Celeste. A prece \u2013 seja ela a devo\u00e7\u00e3o de um crente ou o ato do pensador, ao refletir sobre os mais elevados ideais \u2013 \u00e9 uma ferramenta que dever\u00edamos melhor utilizar. Assim encontramos, a partir do interior de n\u00f3s mesmos, recursos indispens\u00e1veis para a solu\u00e7\u00e3o dos mais complexos problemas que possam surgir.<\/p>\n\n\n\n<p>Ao meditar sobre como colaborar para o leg\u00edtimo aux\u00edlio a todas as fam\u00edlias e comunidades, igualmente conquistamos a compreens\u00e3o de que o Amor Fraterno \u00e9 essencial \u00e0 vida. Quando h\u00e1 verdadeiro Amor e \u00edntegra Justi\u00e7a, tudo d\u00e1 certo. Um exemplo? Se, movidos pelo esp\u00edrito de Caridade, levarmos um rem\u00e9dio a um enfermo, esse medicamento trar\u00e1 melhor resultado a quem est\u00e1 sendo socorrido. O Bem \u00e9 o encanto da exist\u00eancia espiritual e humana. E Deus quer o nosso benef\u00edcio, n\u00e3o segundo a estult\u00edcia terrena; entretanto, de acordo com a Sua Sabedoria Excelsa. Por isso, pregamos o imperativo urgente da Uni\u00e3o das Duas Humanidades, preconizada por&nbsp;<strong>Alziro Zarur<\/strong>&nbsp;(1914-1979) e que aqui defendemos: a da Terra com a do C\u00e9u, de forma consciente. (&#8230;)<\/p>\n\n\n\n<p>Nunca estamos abandonados. Anjos da Guarda continuamente permanecem ao nosso lado. \u00c9 o galard\u00e3o com que o Governo Espiritual Invis\u00edvel felicita os seres terrenos, porquanto concretiza a profecia apocal\u00edptica da jun\u00e7\u00e3o das dimens\u00f5es que, apesar de separadas em apar\u00eancia, estar\u00e3o claramente unidas com o baixar ao orbe terrestre da Jerusal\u00e9m Celestial (Apocalipse, 21:2).<\/p>\n\n\n\n<p>Quem n\u00e3o precisa de preces? Que pa\u00eds n\u00e3o necessita urgentemente de ora\u00e7\u00f5es? Ent\u00e3o, vamos falar com Deus.<\/p>\n\n\n\n<p>\u00d3&nbsp;<strong>Jesus<\/strong>, Mestre Amado, nosso Senhor, nossa Rocha, nossa For\u00e7a, nosso Escudo, nossa Salva\u00e7\u00e3o, Tu trazes a f\u00f3rmula perfeita para premiar as Almas com a felicidade perp\u00e9tua, nascida da F\u00e9 Realizante, geradora das Boas Obras, as quais Tu apregoas por meio do Teu Mandamento Novo, de Amor Divinal (Evangelho, consoante&nbsp;<strong>Jo\u00e3o<\/strong>, 13:34 e 35; 15:7, 8, 10 a 17 e 9).<\/p>\n\n\n\n<p>E, no Livro das Profecias Finais, encontramos a confirma\u00e7\u00e3o encorajadora da Tua Volta Triunfante, que a muitos surpreender\u00e1, como Tu mesmo advertiste, no Evangelho, segundo&nbsp;<strong>Lucas<\/strong>, 17:24:&nbsp;<em>\u201cAssim como o rel\u00e2mpago, num repente, fulgura de uma \u00e0 outra extremidade do C\u00e9u, da mesma forma ser\u00e1 a volta do Filho de Deus\u201d<\/em>.<\/p>\n\n\n\n<p>Isso ocorrer\u00e1, conforme as advert\u00eancias que, pelos mil\u00eanios, mandaste ao mundo:&nbsp;<em>\u201cAquele que d\u00e1 testemunho destas coisas diz: Certamente venho sem demora. Am\u00e9m! Ora vem, Senhor Jesus!\u201d<\/em>&nbsp;(Apocalipse, 22:20).<\/p>\n\n\n\n<p>\u00d3 Senhor, clareia o nosso Esp\u00edrito, fortalece o nosso \u00edntimo, conforta o nosso cora\u00e7\u00e3o, para que persistamos at\u00e9 aquele dia esplendoroso do Teu Magn\u00edfico Retorno.<\/p>\n\n\n\n<p>E agora, Celeste Provedor das nossas mais justas s\u00faplicas, Tu, que \u00e9s o Amor que nunca morre, acolhe o pedido que neste instante vamos fazer-Te. O meu \u00e9 este: protege o Brasil e o mundo! Atende-o, Mestre dos mestres, na exata raz\u00e3o do nosso merecimento, porque Tu mesmo ensinaste que cada um \u00e9 merecedor do pr\u00eamio ou da reprimenda mediante as pr\u00f3prias realiza\u00e7\u00f5es.<\/p>\n\n\n\n<p>Gra\u00e7as, Senhor! D\u00e1-nos a Divina Paz, que prometeste \u00e0queles que vivem o Teu Novo Mandamento:&nbsp;<em>\u201cMinha Paz vos deixo, minha Paz vos dou. Eu n\u00e3o vos dou a paz do mundo. Eu vos dou a Paz de Deus, que o mundo n\u00e3o vos pode dar. N\u00e3o se turbe o vosso cora\u00e7\u00e3o nem se arreceie, porque Eu estarei convosco, todos os dias, at\u00e9 o fim do mundo!\u201d<\/em>&nbsp;(Evangelho, segundo Jo\u00e3o, 14:27 e 1, e&nbsp;<strong>Mateus<\/strong>, 28:20).<\/p>\n\n\n\n<p><em>\u201cGl\u00f3ria a Deus nas Alturas, Paz na Terra aos Homens<\/em>&nbsp;[\u00e0s Mulheres, aos Jovens, \u00e0s Crian\u00e7as e \u00e0s Almas Benditas, os Esp\u00edritos Luminosos]&nbsp;<em>da Boa Vontade de Deus!\u201d<\/em>&nbsp;(Evangelho, segundo Lucas, 2:14).<\/p>\n\n\n\n<p>Quem confia em Jesus n\u00e3o perde o seu tempo, porque Ele \u00e9 o Grande Amigo que n\u00e3o abandona amigo no meio do caminho.<\/p>\n\n\n\n<p><strong>Jos\u00e9 de Paiva Netto \u2015 Jornalista, radialista e escritor.<\/strong><\/p>\n\n\n\n<p><a href=\"mailto:paivanetto@uol.com.br\"><strong>paivanetto@lbv.org.br<\/strong><\/a><strong> \u2014 <\/strong><a href=\"http:\/\/www.boavontade.com\"><strong>www.boavontade.com<\/strong><\/a><\/p>\n","protected":false},"excerpt":{"rendered":"<div class=\"mh-excerpt\"><p>Por Paiva Netto Abril \u00e9 um m\u00eas de importantes celebra\u00e7\u00f5es para o pa\u00eds e para o planeta: 19, Dia do \u00cdndio; 21, Tiradentes e Inaugura\u00e7\u00e3o <a class=\"mh-excerpt-more\" href=\"https:\/\/novosaopaulo.com.br\/index.php\/2021\/04\/12\/artigo-ore-terra-amada\/\" title=\"Artigo &#8211; Ore, Terra amada!\">[&#8230;]<\/a><\/p>\n<\/div>","protected":false},"author":1,"featured_media":4638,"comment_status":"open","ping_status":"open","sticky":false,"template":"","format":"standard","meta":{"footnotes":""},"categories":[2],"tags":[45],"class_list":["post-4637","post","type-post","status-publish","format-standard","has-post-thumbnail","hentry","category-geral","tag-artigo"],"_links":{"self":[{"href":"https:\/\/novosaopaulo.com.br\/index.php\/wp-json\/wp\/v2\/posts\/4637"}],"collection":[{"href":"https:\/\/novosaopaulo.com.br\/index.php\/wp-json\/wp\/v2\/posts"}],"about":[{"href":"https:\/\/novosaopaulo.com.br\/index.php\/wp-json\/wp\/v2\/types\/post"}],"author":[{"embeddable":true,"href":"https:\/\/novosaopaulo.com.br\/index.php\/wp-json\/wp\/v2\/users\/1"}],"replies":[{"embeddable":true,"href":"https:\/\/novosaopaulo.com.br\/index.php\/wp-json\/wp\/v2\/comments?post=4637"}],"version-history":[{"count":1,"href":"https:\/\/novosaopaulo.com.br\/index.php\/wp-json\/wp\/v2\/posts\/4637\/revisions"}],"predecessor-version":[{"id":4639,"href":"https:\/\/novosaopaulo.com.br\/index.php\/wp-json\/wp\/v2\/posts\/4637\/revisions\/4639"}],"wp:featuredmedia":[{"embeddable":true,"href":"https:\/\/novosaopaulo.com.br\/index.php\/wp-json\/wp\/v2\/media\/4638"}],"wp:attachment":[{"href":"https:\/\/novosaopaulo.com.br\/index.php\/wp-json\/wp\/v2\/media?parent=4637"}],"wp:term":[{"taxonomy":"category","embeddable":true,"href":"https:\/\/novosaopaulo.com.br\/index.php\/wp-json\/wp\/v2\/categories?post=4637"},{"taxonomy":"post_tag","embeddable":true,"href":"https:\/\/novosaopaulo.com.br\/index.php\/wp-json\/wp\/v2\/tags?post=4637"}],"curies":[{"name":"wp","href":"https:\/\/api.w.org\/{rel}","templated":true}]}}