{"id":4628,"date":"2021-04-12T19:28:07","date_gmt":"2021-04-12T22:28:07","guid":{"rendered":"http:\/\/novosaopaulo.com.br\/?p=4628"},"modified":"2021-04-12T19:28:07","modified_gmt":"2021-04-12T22:28:07","slug":"100-dias-de-gestao-do-prefeito-de-santa-isabel-e-marcada-pelo-avanco-na-vacinacao-contra-a-covid-19","status":"publish","type":"post","link":"https:\/\/novosaopaulo.com.br\/index.php\/2021\/04\/12\/100-dias-de-gestao-do-prefeito-de-santa-isabel-e-marcada-pelo-avanco-na-vacinacao-contra-a-covid-19\/","title":{"rendered":"100 DIAS DE GEST\u00c3O DO PREFEITO DE SANTA ISABEL \u00c9 MARCADA PELO AVAN\u00c7O NA VACINA\u00c7\u00c3O CONTRA A COVID-19"},"content":{"rendered":"\n<p><em>O munic\u00edpio j\u00e1 vacinou mais de 5 mil pessoas, sendo 4.308 idosos e 1.060 profissionais da sa\u00fade. O n\u00famero de tomografias realizadas para auxiliar no diagn\u00f3stico tamb\u00e9m aumentou em 60%.<\/em><\/p>\n\n\n\n<p>O munic\u00edpio de Santa Isabel completar\u00e1 neste s\u00e1bado (10\/04), 100 dias de gest\u00e3o com o prefeito Dr. Carlos Chinchilla. A administra\u00e7\u00e3o foi marcada principalmente pelo avan\u00e7o na vacina\u00e7\u00e3o contra a Covid-19, com 5.368 mil pessoas que j\u00e1 receberam a 1\u00aa dose da vacina, sendo 4.308 idosos e 1.060 profissionais da sa\u00fade.<br>Para aplicar as doses na popula\u00e7\u00e3o, foi adotado o sistema de vacina\u00e7\u00e3o Drive Thru, agilizando e otimizando o processo, al\u00e9m da imuniza\u00e7\u00e3o de 187 idosos acamados nas casas. Os lares de idosos tamb\u00e9m receberam a visita dos profissionais da sa\u00fade que vacinaram os residentes.<br>Com o objetivo de auxiliar no diagn\u00f3stico dos pacientes, foi feito a desburocratiza\u00e7\u00e3o para a realiza\u00e7\u00e3o de tomografia e houve um aumento de 60% na efetua\u00e7\u00e3o do exame. O munic\u00edpio tamb\u00e9m ampliou a oferta de leitos na Santa Casa de Miseric\u00f3rdia e na Unidade de Pronto Atendimento (UPA), al\u00e9m de comprar duas novas c\u00e2maras frias para conserva\u00e7\u00e3o de vacinas e criar o pr\u00e9-cadastro de vacina\u00e7\u00e3o. As a\u00e7\u00f5es de fiscaliza\u00e7\u00e3o e orienta\u00e7\u00e3o nos portais tamb\u00e9m foram intensificadas. Durante o per\u00edodo de 100 dias, mais de 44 mil atendimentos foram realizados na UPA e ocorreu o aumento no efetivo dos profissionais da sa\u00fade.<br>A prefeitura lan\u00e7ou o Portal da Educa\u00e7\u00e3o com o Google education para ensino \u00e0 dist\u00e2ncia e entregou junto com o material escolar, 4.960 kits de alimenta\u00e7\u00e3o para os alunos da rede municipal. Novos instrumentos foram adquiridos para a Orquestra Municipal e iniciou-se o processo de constru\u00e7\u00e3o do Centro de Forma\u00e7\u00e3o e Audit\u00f3rio da Educa\u00e7\u00e3o.<br>No programa Frente de Trabalho, 120 mun\u00edcipes foram contratados e receber\u00e3o a bolsa aux\u00edlio por realizar as atividades de zeladoria. O Fundo Social de Solidariedade do munic\u00edpio tamb\u00e9m recebeu a doa\u00e7\u00e3o de mais de 4 mil toneladas de alimentos e 990 cestas b\u00e1sicas que foram destinadas \u00e0s pessoas em situa\u00e7\u00e3o de vulnerabilidade.<br>A administra\u00e7\u00e3o municipal tamb\u00e9m realizou a libera\u00e7\u00e3o dos acessos da Rodovia Presidente Dutra, que haviam sido fechados pela empresa CCR Nova-Dutra. Os departamentos tamb\u00e9m foram realocados para pr\u00e9dios p\u00fablicos visando a economia do valor gasto com alugu\u00e9is e a manuten\u00e7\u00e3o da frota dos ve\u00edculos. O Procon de Santa Isabel foi reformulado.<br>O munic\u00edpio recebeu investimento de R$ 500 mil em cursos profissionalizantes pelo Sebrae e foram ofertados \u00e0 popula\u00e7\u00e3o diversas palestras. A Gibiteca Mauricio de Sousa foi revitalizada e reaberta e lives musicais foram transmitidas para levar entretenimento durante \u00e0 pandemia do novo coronav\u00edrus. Mais de 200 alunos foram atendidos nas oficinas culturais municipais e iniciou as obras de constru\u00e7\u00e3o do projeto Areninha. Os parques da cidade receberam manuten\u00e7\u00f5es.<br>As atividades de Fiscaliza\u00e7\u00e3o Ambiental Integrada tamb\u00e9m aumentaram e os servi\u00e7os de licenciamento ambiental municipalizado de baixo impacto foram ampliados. Diversas visitas t\u00e9cnicas foram feitas para apoiar os produtores por meio do projeto Patrulha Agr\u00edcola e foram feitos servi\u00e7os de poda e revitaliza\u00e7\u00e3o em v\u00e1rios pontos, como no Viveiro Municipal.<br>A rua Aruj\u00e1 recebeu a pavimenta\u00e7\u00e3o em bloquetes de 300 metros. Mais de 70 estradas foram recuperadas e mais de 25 ruas receberam manuten\u00e7\u00e3o em bloquetes. Santa Isabel tamb\u00e9m fez mais de 100 a\u00e7\u00f5es de coleta de entulho nas casas dos mun\u00edcipes, desassorou mais de 5 rios e economizou mais de R$ 50 mil com combust\u00edvel. Mais de 30 a\u00e7\u00f5es de limpeza foram feitas nos bueiros, al\u00e9m da entrega gratuita de 322 caminh\u00f5es pipa de \u00e1gua e mais de 110 servi\u00e7os de limpeza de fossa efetuados. Os pr\u00e9dios p\u00fablicos receberam reformas e o Cemit\u00e9rio Municipal foi revitalizado. A Opera\u00e7\u00e3o Tapa Buraco fez a manuten\u00e7\u00e3o em mais de 300 buracos e mais de 100 km de ro\u00e7ada e capina\u00e7\u00e3o foram feitas na cidade.<br>\u201cAgora chegamos aos 100 dias de gest\u00e3o, um momento ideal para fazer balan\u00e7os e estudos, analisando os acertos e arrumando os erros. J\u00e1 assumimos o governo no meio de uma pandemia, o que tornou o desafio ainda maior, mas n\u00e3o medimos esfor\u00e7os e nem ficamos procurando poss\u00edveis desculpas, enfrentamos os problemas de cabe\u00e7a erguida e fomos trabalhar com seriedade e compromisso, sempre pensando no bem estar de todos os isabelenses\u201d, fala o prefeito de Santa Isabel Dr. Carlos Chinchilla.<\/p>\n\n\n\n<p>Fotos: AIPMSI<\/p>\n","protected":false},"excerpt":{"rendered":"<div class=\"mh-excerpt\"><p>O munic\u00edpio j\u00e1 vacinou mais de 5 mil pessoas, sendo 4.308 idosos e 1.060 profissionais da sa\u00fade. O n\u00famero de tomografias realizadas para auxiliar no <a class=\"mh-excerpt-more\" href=\"https:\/\/novosaopaulo.com.br\/index.php\/2021\/04\/12\/100-dias-de-gestao-do-prefeito-de-santa-isabel-e-marcada-pelo-avanco-na-vacinacao-contra-a-covid-19\/\" title=\"100 DIAS DE GEST\u00c3O DO PREFEITO DE SANTA ISABEL \u00c9 MARCADA PELO AVAN\u00c7O NA VACINA\u00c7\u00c3O CONTRA A COVID-19\">[&#8230;]<\/a><\/p>\n<\/div>","protected":false},"author":1,"featured_media":4629,"comment_status":"open","ping_status":"open","sticky":false,"template":"","format":"standard","meta":{"footnotes":""},"categories":[3],"tags":[158],"class_list":["post-4628","post","type-post","status-publish","format-standard","has-post-thumbnail","hentry","category-cidades","tag-santa-isabel"],"_links":{"self":[{"href":"https:\/\/novosaopaulo.com.br\/index.php\/wp-json\/wp\/v2\/posts\/4628"}],"collection":[{"href":"https:\/\/novosaopaulo.com.br\/index.php\/wp-json\/wp\/v2\/posts"}],"about":[{"href":"https:\/\/novosaopaulo.com.br\/index.php\/wp-json\/wp\/v2\/types\/post"}],"author":[{"embeddable":true,"href":"https:\/\/novosaopaulo.com.br\/index.php\/wp-json\/wp\/v2\/users\/1"}],"replies":[{"embeddable":true,"href":"https:\/\/novosaopaulo.com.br\/index.php\/wp-json\/wp\/v2\/comments?post=4628"}],"version-history":[{"count":1,"href":"https:\/\/novosaopaulo.com.br\/index.php\/wp-json\/wp\/v2\/posts\/4628\/revisions"}],"predecessor-version":[{"id":4630,"href":"https:\/\/novosaopaulo.com.br\/index.php\/wp-json\/wp\/v2\/posts\/4628\/revisions\/4630"}],"wp:featuredmedia":[{"embeddable":true,"href":"https:\/\/novosaopaulo.com.br\/index.php\/wp-json\/wp\/v2\/media\/4629"}],"wp:attachment":[{"href":"https:\/\/novosaopaulo.com.br\/index.php\/wp-json\/wp\/v2\/media?parent=4628"}],"wp:term":[{"taxonomy":"category","embeddable":true,"href":"https:\/\/novosaopaulo.com.br\/index.php\/wp-json\/wp\/v2\/categories?post=4628"},{"taxonomy":"post_tag","embeddable":true,"href":"https:\/\/novosaopaulo.com.br\/index.php\/wp-json\/wp\/v2\/tags?post=4628"}],"curies":[{"name":"wp","href":"https:\/\/api.w.org\/{rel}","templated":true}]}}