{"id":4604,"date":"2021-04-08T14:58:58","date_gmt":"2021-04-08T17:58:58","guid":{"rendered":"http:\/\/novosaopaulo.com.br\/?p=4604"},"modified":"2021-04-08T14:58:58","modified_gmt":"2021-04-08T17:58:58","slug":"prefeito-recebe-confirmacao-de-mais-30-leitos-no-hc-de-suzano","status":"publish","type":"post","link":"https:\/\/novosaopaulo.com.br\/index.php\/2021\/04\/08\/prefeito-recebe-confirmacao-de-mais-30-leitos-no-hc-de-suzano\/","title":{"rendered":"Prefeito recebe confirma\u00e7\u00e3o de mais 30 leitos no HC de Suzano"},"content":{"rendered":"\n<p><em>Expectativa \u00e9 de que a abertura de 20 leitos de UTI e 10 de enfermaria seja realizada nos pr\u00f3ximos dias<\/em><\/p>\n\n\n\n<p>Suzano e regi\u00e3o do Alto Tiet\u00ea ser\u00e3o contemplados com 30 leitos destinados ao tratamento de pessoas diagnosticadas com o novo coronav\u00edrus (Covid-19) no Hospital Auxiliar das Cl\u00ednicas (HC) instalado no munic\u00edpio e que est\u00e1 sob ger\u00eancia do governo estadual. A princ\u00edpio, as vagas, sendo dez de enfermaria e 20 de Unidade de Terapia Intensiva (UTI), estar\u00e3o dispon\u00edveis nos pr\u00f3ximos dias. A informa\u00e7\u00e3o foi repassada pela diretoria do HC ao prefeito Rodrigo Ashiuchi, durante&nbsp;visita&nbsp;t\u00e9cnica&nbsp;realizada na unidade nesta ter\u00e7a-feira (06\/03).<\/p>\n\n\n\n<p>Acompanhado do secret\u00e1rio municipal de Sa\u00fade, Pedro Ishi, e do diretor-executivo do HC de Suzano, Eduardo Santocchi, o chefe do Executivo percorreu todo o Bloco C da unidade, vistoriando as alas que receber\u00e3o os novos leitos. Al\u00e9m disso, as autoridades discutiram a contrata\u00e7\u00e3o de uma empresa terceirizada para presta\u00e7\u00e3o do atendimento no local.<\/p>\n\n\n\n<p>\u201cTodas as tramita\u00e7\u00f5es j\u00e1 est\u00e3o em andamento e a previs\u00e3o \u00e9 de que tudo seja conclu\u00eddo at\u00e9 o fim desta semana. Por isso, acreditamos que nos pr\u00f3ximos dias os leitos j\u00e1 estar\u00e3o \u00e0 disposi\u00e7\u00e3o das pessoas diagnosticadas com a Covid-19. \u00c9 importante frisar que o custeio ser\u00e1 bipartite, ou seja, ter\u00e1 financiamento do Condemat (Cons\u00f3rcio de Desenvolvimento dos Munic\u00edpios do Alto Tiet\u00ea) e do governo do Estado\u201d, afirmou Ashiuchi, que tamb\u00e9m \u00e9 presidente do cons\u00f3rcio.<\/p>\n\n\n\n<p>Desta forma, o HC de Suzano contar\u00e1 com 50 leitos destinados \u00e0s pessoas infectadas pela Covid-19, sendo 20 de UTI e 30 de enfermaria, tendo ainda uma ala dedicada aos exames de imagem, com sala de raio-x e equipamentos para tomografia e para ultrassonografia. \u201cPor aqui, j\u00e1 contamos com 20 leitos em pleno funcionamento. Agora, a parceria com o Condemat nos permitir\u00e1 ampliar o atendimento\u201d, disse Santocchi.<\/p>\n\n\n\n<p>Para o prefeito, o trabalho conjunto entre o cons\u00f3rcio regional e o governo do Estado \u00e9 fundamental para ampliar o atendimento \u00e0 popula\u00e7\u00e3o neste momento cr\u00edtico da pandemia. \u201cA conquista foi anunciada ap\u00f3s uma s\u00e9rie de pedidos dos prefeitos do Alto Tiet\u00ea e dos deputados da regi\u00e3o, para que haja mais espa\u00e7os para abrigar infectados pela Covid-19. Lembrando que os leitos ser\u00e3o destinados aos moradores da nossa regi\u00e3o. Por isso, agrade\u00e7o o apoio do Estado e dos prefeitos.&nbsp;Esta \u00e9 uma conquista de todos\u201d, declarou Ashiuchi.&nbsp;<\/p>\n\n\n\n<p>Por fim, o prefeito refor\u00e7ou o pedido de cuidado por parte da popula\u00e7\u00e3o. \u201cEstamos em um cen\u00e1rio pand\u00eamico preocupante. Muitas cidades atingiram 100% de ocupa\u00e7\u00e3o em seus hospitais. Estamos buscando mais leitos, mas \u00e9 muito importante a conscientiza\u00e7\u00e3o de todos. Usem m\u00e1scaras e \u00e1lcool em gel e pratiquem o distanciamento social. Estamos focados em amenizar os impactos da pandemia, contudo precisamos da uni\u00e3o de todos. Estamos com a campanha de vacina\u00e7\u00e3o a todo vapor. Se cuidem, que logo sairemos dessa\u201d, concluiu o suzanense.<\/p>\n\n\n\n<p>Participaram da vistoria o diretor-cl\u00ednico da pasta de Sa\u00fade,&nbsp;Diego&nbsp;Ferreira; a diretora da Rede de Urg\u00eancia e Emerg\u00eancia, Cinthia Steffens Watanabe;&nbsp;a secret\u00e1ria-adjunta do Condemat, Mara Flores; e a assessora estrat\u00e9gica da Unidade de Planejamento e Assuntos Estrat\u00e9gicos (Upae), Carol Umebayashi.<\/p>\n\n\n\n<p>Por parte do HC de Suzano, estiveram no encontro o diretor-cl\u00ednico Antonio Sakotani; a respons\u00e1vel pela Gest\u00e3o de Qualidade, Daise Guilherme Rodrigues; a coordenadora da unidade, Carolina Paschoal; e a enfermeira do setor de Ger\u00eancia de Risco, Gabriela Nagatani.&nbsp;<\/p>\n\n\n\n<p>Cr\u00e9dito das fotos: Irineu Junior\/Secop Suzano&nbsp;<\/p>\n","protected":false},"excerpt":{"rendered":"<div class=\"mh-excerpt\"><p>Expectativa \u00e9 de que a abertura de 20 leitos de UTI e 10 de enfermaria seja realizada nos pr\u00f3ximos dias Suzano e regi\u00e3o do Alto <a class=\"mh-excerpt-more\" href=\"https:\/\/novosaopaulo.com.br\/index.php\/2021\/04\/08\/prefeito-recebe-confirmacao-de-mais-30-leitos-no-hc-de-suzano\/\" title=\"Prefeito recebe confirma\u00e7\u00e3o de mais 30 leitos no HC de Suzano\">[&#8230;]<\/a><\/p>\n<\/div>","protected":false},"author":1,"featured_media":4605,"comment_status":"open","ping_status":"open","sticky":false,"template":"","format":"standard","meta":{"footnotes":""},"categories":[3],"tags":[27],"class_list":["post-4604","post","type-post","status-publish","format-standard","has-post-thumbnail","hentry","category-cidades","tag-suzano"],"_links":{"self":[{"href":"https:\/\/novosaopaulo.com.br\/index.php\/wp-json\/wp\/v2\/posts\/4604"}],"collection":[{"href":"https:\/\/novosaopaulo.com.br\/index.php\/wp-json\/wp\/v2\/posts"}],"about":[{"href":"https:\/\/novosaopaulo.com.br\/index.php\/wp-json\/wp\/v2\/types\/post"}],"author":[{"embeddable":true,"href":"https:\/\/novosaopaulo.com.br\/index.php\/wp-json\/wp\/v2\/users\/1"}],"replies":[{"embeddable":true,"href":"https:\/\/novosaopaulo.com.br\/index.php\/wp-json\/wp\/v2\/comments?post=4604"}],"version-history":[{"count":1,"href":"https:\/\/novosaopaulo.com.br\/index.php\/wp-json\/wp\/v2\/posts\/4604\/revisions"}],"predecessor-version":[{"id":4606,"href":"https:\/\/novosaopaulo.com.br\/index.php\/wp-json\/wp\/v2\/posts\/4604\/revisions\/4606"}],"wp:featuredmedia":[{"embeddable":true,"href":"https:\/\/novosaopaulo.com.br\/index.php\/wp-json\/wp\/v2\/media\/4605"}],"wp:attachment":[{"href":"https:\/\/novosaopaulo.com.br\/index.php\/wp-json\/wp\/v2\/media?parent=4604"}],"wp:term":[{"taxonomy":"category","embeddable":true,"href":"https:\/\/novosaopaulo.com.br\/index.php\/wp-json\/wp\/v2\/categories?post=4604"},{"taxonomy":"post_tag","embeddable":true,"href":"https:\/\/novosaopaulo.com.br\/index.php\/wp-json\/wp\/v2\/tags?post=4604"}],"curies":[{"name":"wp","href":"https:\/\/api.w.org\/{rel}","templated":true}]}}