{"id":4592,"date":"2021-04-05T22:23:14","date_gmt":"2021-04-06T01:23:14","guid":{"rendered":"http:\/\/novosaopaulo.com.br\/?p=4592"},"modified":"2021-04-05T22:23:14","modified_gmt":"2021-04-06T01:23:14","slug":"festa-do-divino-2021","status":"publish","type":"post","link":"https:\/\/novosaopaulo.com.br\/index.php\/2021\/04\/05\/festa-do-divino-2021\/","title":{"rendered":"Festa do Divino 2021"},"content":{"rendered":"\n<p>Diante do crescente n\u00famero de contamina\u00e7\u00e3o pelo novo coronav\u00edrus (Covid-19), da pandemia que vivemos e das consequ\u00eancias que tudo isso est\u00e1 est\u00e1 causando a nossas fam\u00edlias e aos nossos amigos, depois de v\u00e1rias tentativas de encontrar um caminho seguro para que a Festa do Divino Esp\u00edrito Santo de Mogi das Cruzes 2021 pudesse ocorrer, muitas conversas e reuni\u00f5es entre os festeiros, capit\u00e3es de mastro, diretores da Associa\u00e7\u00e3o Pr\u00f3-Festa do Divino e parceiros envolvidos, e com o aval do nosso bispo diocesano, Dom Pedro Luiz Stringhini, ficou decidido que a quermesse e todas as a\u00e7\u00f5es que gerem p\u00fablico na Festa do Divino 2021 ficam canceladas para evitar poss\u00edveis focos de contamina\u00e7\u00e3o.<\/p>\n\n\n\n<p>Sabemos da import\u00e2ncia dos resultados financeiros da Festa do Divino para as entidades parceiras, ainda mais neste momento t\u00e3o delicado que vivemos, mas, acima de tudo, h\u00e1 de se preservar a vida e a seguran\u00e7a dos devotos e volunt\u00e1rios.<\/p>\n\n\n\n<p>Faremos a divulga\u00e7\u00e3o de toda a programa\u00e7\u00e3o religiosa, que ser\u00e1 transmitida pelos meios de comunica\u00e7\u00e3o, bem como o cronograma de visitas aos bairros, com a &#8216;Caravana do Divino&#8217;, que ocorrer\u00e1 3 ou 4 vezes por semana, das 18 \u00e0s 20 horas, quando receberemos doa\u00e7\u00e3o de alimentos n\u00e3o-perec\u00edveis para serem, posteriormente, doados \u00e0s fam\u00edlias que necessitam.<\/p>\n\n\n\n<p>Certos da compreens\u00e3o de todos, Deus nos aben\u00e7oe!!!&nbsp;<\/p>\n\n\n\n<p>Mauro de Assis Margarido e Alecxandra de Oliveira Margarido &#8211; Festeiros<\/p>\n\n\n\n<p>Maurimar Batalha e Roberta Fadoni Batalha &#8211; Capit\u00e3es de mastro<\/p>\n\n\n\n<p>Mogi das Cruzes, 5 de abril de 2021<\/p>\n","protected":false},"excerpt":{"rendered":"<div class=\"mh-excerpt\"><p>Diante do crescente n\u00famero de contamina\u00e7\u00e3o pelo novo coronav\u00edrus (Covid-19), da pandemia que vivemos e das consequ\u00eancias que tudo isso est\u00e1 est\u00e1 causando a nossas <a class=\"mh-excerpt-more\" href=\"https:\/\/novosaopaulo.com.br\/index.php\/2021\/04\/05\/festa-do-divino-2021\/\" title=\"Festa do Divino 2021\">[&#8230;]<\/a><\/p>\n<\/div>","protected":false},"author":1,"featured_media":4593,"comment_status":"open","ping_status":"open","sticky":false,"template":"","format":"standard","meta":{"footnotes":""},"categories":[3],"tags":[14],"class_list":["post-4592","post","type-post","status-publish","format-standard","has-post-thumbnail","hentry","category-cidades","tag-mogi-das-cruzes"],"_links":{"self":[{"href":"https:\/\/novosaopaulo.com.br\/index.php\/wp-json\/wp\/v2\/posts\/4592"}],"collection":[{"href":"https:\/\/novosaopaulo.com.br\/index.php\/wp-json\/wp\/v2\/posts"}],"about":[{"href":"https:\/\/novosaopaulo.com.br\/index.php\/wp-json\/wp\/v2\/types\/post"}],"author":[{"embeddable":true,"href":"https:\/\/novosaopaulo.com.br\/index.php\/wp-json\/wp\/v2\/users\/1"}],"replies":[{"embeddable":true,"href":"https:\/\/novosaopaulo.com.br\/index.php\/wp-json\/wp\/v2\/comments?post=4592"}],"version-history":[{"count":1,"href":"https:\/\/novosaopaulo.com.br\/index.php\/wp-json\/wp\/v2\/posts\/4592\/revisions"}],"predecessor-version":[{"id":4594,"href":"https:\/\/novosaopaulo.com.br\/index.php\/wp-json\/wp\/v2\/posts\/4592\/revisions\/4594"}],"wp:featuredmedia":[{"embeddable":true,"href":"https:\/\/novosaopaulo.com.br\/index.php\/wp-json\/wp\/v2\/media\/4593"}],"wp:attachment":[{"href":"https:\/\/novosaopaulo.com.br\/index.php\/wp-json\/wp\/v2\/media?parent=4592"}],"wp:term":[{"taxonomy":"category","embeddable":true,"href":"https:\/\/novosaopaulo.com.br\/index.php\/wp-json\/wp\/v2\/categories?post=4592"},{"taxonomy":"post_tag","embeddable":true,"href":"https:\/\/novosaopaulo.com.br\/index.php\/wp-json\/wp\/v2\/tags?post=4592"}],"curies":[{"name":"wp","href":"https:\/\/api.w.org\/{rel}","templated":true}]}}