{"id":4590,"date":"2021-04-05T22:20:47","date_gmt":"2021-04-06T01:20:47","guid":{"rendered":"http:\/\/novosaopaulo.com.br\/?p=4590"},"modified":"2021-04-05T22:20:47","modified_gmt":"2021-04-06T01:20:47","slug":"direita-e-esquerda-merece-reflexao","status":"publish","type":"post","link":"https:\/\/novosaopaulo.com.br\/index.php\/2021\/04\/05\/direita-e-esquerda-merece-reflexao\/","title":{"rendered":"Direita e esquerda; merece reflex\u00e3o&#8230;"},"content":{"rendered":"\n<p>O pa\u00eds passa por um momento \u00edmpar. As ruidosas claques a servi\u00e7o dos dois lados ideol\u00f3gicos disseminam a id\u00e9ia\/cren\u00e7a de que quem n\u00e3o \u00e9 de esquerda \u00e9 de direita e vice-versa. N\u00e3o disponho de pesquisas ou estat\u00edsticas confi\u00e1veis sobre o assunto, que costuma ser tratado \u00e0 luz de interesses e at\u00e9 com o concurso da emo\u00e7\u00e3o (principalmente dos cooptados mais simpl\u00f3rios). Mas sou obrigado a considerar que quando algu\u00e9m desgosta de Bolsonaro n\u00e3o significa que esteja com Lula ou, se n\u00e3o gosta de Lula, feche com Bolsonaro. Pol\u00edtica n\u00e3o \u00e9 a massa bipolar que os extremistas pregam em desfavor dos seus advers\u00e1rios. Existem muitas tend\u00eancias al\u00e9m daquelas que polarizam e, n\u00e3o podemos ignorar, tamb\u00e9m h\u00e1 aquela parcela da popula\u00e7\u00e3o que, por diferentes raz\u00f5es, despreza toda a classe pol\u00edtica.<\/p>\n\n\n\n<p>&nbsp;&nbsp;&nbsp;&nbsp;&nbsp;&nbsp;&nbsp;&nbsp;&nbsp;&nbsp;&nbsp; Dentro do ambiente polarizado da pol\u00edtica nacional, assistimos hoje os esfor\u00e7os de segmentos que perderam o bonde nas elei\u00e7\u00f5es dos \u00faltimos anos, buscando se unir a for\u00e7as rec\u00e9m-surgidas na tentativa de se tornarem op\u00e7\u00f5es de centro. Governadores, parlamentares e at\u00e9 velhas raposas que j\u00e1 deram o que tinham de dar, tentam formar o bloco capaz de enfrentar e ser alternativa \u00e0 direita de Bolsonaro e \u00e0 &nbsp;esquerda de Lula (ou algum seu preposto) nas elei\u00e7\u00f5es de 2022. Mas parece dif\u00edcil que essa empreitada tenha sucesso, visto que a cena pol\u00edtica brasileira da democracia p\u00f3s-1985 esfacelou-se a ponto de hoje termos 33 partidos oficialmente registrados e mais de 70 criados e com seus registros em an\u00e1lise pela Justi\u00e7a Eleitoral. Com tanto cacique desfilando, ser\u00e1 dif\u00edcil, praticamente imposs\u00edvel, reunir todos num dito \u201ccentr\u00e3o\u201d. S\u00e3o muitas vaidades e interesses a se administrar. Logo, a tend\u00eancia \u00e9 continuarmos, ainda por algumas elei\u00e7\u00f5es, assistindo a est\u00fapida polariza\u00e7\u00e3o que vai desde os que querem reeditado o regime de 64 at\u00e9 os que \u201clutam\u201d pela ditadura do proletariado. Direita e esquerda, apesar do discurso extremado, tamb\u00e9m s\u00e3o subdivididas.<\/p>\n\n\n\n<p>&nbsp;&nbsp;&nbsp;&nbsp;&nbsp;&nbsp;&nbsp;&nbsp;&nbsp;&nbsp;&nbsp; Eu e minha gera\u00e7\u00e3o passamos d\u00e9cadas assistindo as aventuras e desventuras da pol\u00edtica brasileira. Vimos o formar e exaurir de grandes lideran\u00e7as. O que observamos hoje \u00e9 mais do mesmo. Direita e esquerda se esgrimando pelo poder, uma massa cinzentas de opini\u00f5es divergentes entre si patinando mas sem nada poder fazer para furar o bloqueio das extremas, e o povo ora entusiasmado, mas a maior parte do tempo descrente e cada dia mais ausente das urnas (a \u00fanica repres\u00e1lia capaz de fazer aos pol\u00edticos).<\/p>\n\n\n\n<p>&nbsp;&nbsp;&nbsp;&nbsp;&nbsp;&nbsp;&nbsp;&nbsp;&nbsp;&nbsp;&nbsp; Goste ou n\u00e3o do Bolsonaro, do Jo\u00e3o D\u00f3ria e dos demais eleitos para o Executivo (presidente da Rep\u00fablica, governadores estaduais e prefeitos municipais), \u00e9 do interesse do cidad\u00e3o-eleitor &nbsp;criar condi\u00e7\u00f5es para que o eleito governe e, principalmente, possa cumprir suas obriga\u00e7\u00f5es. \u00c9 um tiro no pr\u00f3prio p\u00e9 tentar inviabilizar o governo s\u00f3 porque n\u00e3o gostamos da cara do governante. Isso \u2013 que ocorre diuturnamente no Brasil \u2013 \u00e9 fator de atraso que causa o sofrimento do povo. At\u00e9 todos (principalmente os pol\u00edticos perdedores de elei\u00e7\u00f5es) compreenderem que, pela ordem vigente, o vencedor governa e ao derrotado \u00e9 reservada op\u00e7\u00e3o &nbsp;de fiscalizar e fazer oposi\u00e7\u00e3o construtiva e propositiva, n\u00e3o conseguiremos sair da mesmice que acomete a vida pol\u00edtica nacional. O perdedor, se for inteligente, vai fortalecer seu partido e atrav\u00e9s dele, construir sua narrativa para se apresentar ao eleitorado como melhor op\u00e7\u00e3o nas pr\u00f3ximas elei\u00e7\u00f5es. Simples assim&#8230;&nbsp;<\/p>\n\n\n\n<p>Tenente Dirceu Cardoso Gon\u00e7alves &#8211; dirigente da ASPOMIL (Associa\u00e7\u00e3o de&nbsp;Assist. Social dos Policiais Militares de S\u00e3o Paulo)&nbsp;<\/p>\n","protected":false},"excerpt":{"rendered":"<div class=\"mh-excerpt\"><p>O pa\u00eds passa por um momento \u00edmpar. As ruidosas claques a servi\u00e7o dos dois lados ideol\u00f3gicos disseminam a id\u00e9ia\/cren\u00e7a de que quem n\u00e3o \u00e9 de <a class=\"mh-excerpt-more\" href=\"https:\/\/novosaopaulo.com.br\/index.php\/2021\/04\/05\/direita-e-esquerda-merece-reflexao\/\" title=\"Direita e esquerda; merece reflex\u00e3o&#8230;\">[&#8230;]<\/a><\/p>\n<\/div>","protected":false},"author":1,"featured_media":164,"comment_status":"open","ping_status":"open","sticky":false,"template":"","format":"standard","meta":{"footnotes":""},"categories":[2],"tags":[],"class_list":["post-4590","post","type-post","status-publish","format-standard","has-post-thumbnail","hentry","category-geral"],"_links":{"self":[{"href":"https:\/\/novosaopaulo.com.br\/index.php\/wp-json\/wp\/v2\/posts\/4590"}],"collection":[{"href":"https:\/\/novosaopaulo.com.br\/index.php\/wp-json\/wp\/v2\/posts"}],"about":[{"href":"https:\/\/novosaopaulo.com.br\/index.php\/wp-json\/wp\/v2\/types\/post"}],"author":[{"embeddable":true,"href":"https:\/\/novosaopaulo.com.br\/index.php\/wp-json\/wp\/v2\/users\/1"}],"replies":[{"embeddable":true,"href":"https:\/\/novosaopaulo.com.br\/index.php\/wp-json\/wp\/v2\/comments?post=4590"}],"version-history":[{"count":1,"href":"https:\/\/novosaopaulo.com.br\/index.php\/wp-json\/wp\/v2\/posts\/4590\/revisions"}],"predecessor-version":[{"id":4591,"href":"https:\/\/novosaopaulo.com.br\/index.php\/wp-json\/wp\/v2\/posts\/4590\/revisions\/4591"}],"wp:featuredmedia":[{"embeddable":true,"href":"https:\/\/novosaopaulo.com.br\/index.php\/wp-json\/wp\/v2\/media\/164"}],"wp:attachment":[{"href":"https:\/\/novosaopaulo.com.br\/index.php\/wp-json\/wp\/v2\/media?parent=4590"}],"wp:term":[{"taxonomy":"category","embeddable":true,"href":"https:\/\/novosaopaulo.com.br\/index.php\/wp-json\/wp\/v2\/categories?post=4590"},{"taxonomy":"post_tag","embeddable":true,"href":"https:\/\/novosaopaulo.com.br\/index.php\/wp-json\/wp\/v2\/tags?post=4590"}],"curies":[{"name":"wp","href":"https:\/\/api.w.org\/{rel}","templated":true}]}}