{"id":4551,"date":"2021-04-01T16:17:34","date_gmt":"2021-04-01T19:17:34","guid":{"rendered":"http:\/\/novosaopaulo.com.br\/?p=4551"},"modified":"2021-04-01T16:17:34","modified_gmt":"2021-04-01T19:17:34","slug":"golpe-nada-mais-inviavel-no-brasil-atual","status":"publish","type":"post","link":"https:\/\/novosaopaulo.com.br\/index.php\/2021\/04\/01\/golpe-nada-mais-inviavel-no-brasil-atual\/","title":{"rendered":"Golpe, nada mais invi\u00e1vel no Brasil atual"},"content":{"rendered":"\n<p>A troca do comando nas For\u00e7as Armadas \u2013 parte da substitui\u00e7\u00e3o de seis ministros do atual governo, inclusive o da Defesa, a quem est\u00e3o subordinadas as tropas, alimentou as mais \u00e1cidas narrativas tanto de opositores quanto de simpatizantes do presidente Jair Bolsonaro. Viu-se, por se aproximar o dia 31 de mar\u00e7o, data em que os militares assumiram o poder em 1964, a possibilidade do presidente ou mesmo de seus supostos advers\u00e1rios militares terem pensado em repetir a dose em 2021. Tudo, no entanto, n\u00e3o passou de elucubra\u00e7\u00e3o tanto dos que temem quanto dos que se simpatizam com a ideia dos militares voltarem ao poder pol\u00edtico. Mas, o fluir das mudan\u00e7as demonstra regularidade no momento e nenhum risco institucional. Afinal, o presidente que, no inicio do mandato, nomeou a todos, tem o direito de substitu\u00ed-los quando entender necess\u00e1rio ou convenente e nem tem a obriga\u00e7\u00e3o de apresentar justificativas, pois os cargos s\u00e3o \u201cseus\u201d. Quando justifica, \u00e9 por conveni\u00eancia ou educa\u00e7\u00e3o.<br>Os militares brasileiros tiveram atua\u00e7\u00e3o pol\u00edtica desde o imp\u00e9rio, proclamaram a Rep\u00fablica e foram \u201cpol\u00edticos\u201d at\u00e9 o regime de 64, quando o ent\u00e3o presidente, general Castello Branco, editou os regulamentos que os impedem de alternar a atua\u00e7\u00e3o entre a vida militar e a pol\u00edtica. Desde ent\u00e3o, todo fardado, quando assume posto eletivo, passa para a reserva e n\u00e3o volta mais \u00e0 caserna. Recorde-se que o general Eduardo Pazzuelo, que ainda \u00e9 da ativa e at\u00e9 dias atr\u00e1s esteve ministro da Sa\u00fade, chegou a ser cobrado a fazer sua op\u00e7\u00e3o e, mesmo n\u00e3o a tendo feito, dificilmente retornar\u00e1 a posi\u00e7\u00f5es-chave nos quart\u00e9is. A tend\u00eancia \u00e9 que continue ocupando posi\u00e7\u00f5es no governo.<br>Os 57 anos que nos separam de 1964 e os 36 passados desde 1985 (ano em que os militares deixaram o governo) mostram grande diferen\u00e7a nas For\u00e7as Armadas daquelas \u00e9pocas e de hoje. A quase totalidade dos militares de 64 j\u00e1 n\u00e3o vive mais e os de 85, mesmo vivos, n\u00e3o est\u00e3o mais na ativa. As tropas de hoje s\u00e3o formadas por soldados formados depois do per\u00edodo em que quartel e pol\u00edtica se fundiam. S\u00e3o predominantemente cultores do militarismo de Estado. Tanto que o ex-comandante do Ex\u00e9rcito produziu as recentes declara\u00e7\u00f5es \u2013 de que militar n\u00e3o entra na pol\u00edtica e pol\u00edtica n\u00e3o entra no quartel &#8211; tidas como motivo de sua sa\u00edda do posto. O certo \u00e9 que o militar contempor\u00e2neo n\u00e3o ambiciona a pol\u00edtica, diferente dos do passado que, mesmo se n\u00e3o ambicionasse, acabava dela participando como forma de conter fragilidades que pudessem abalar o pa\u00eds e as institui\u00e7\u00f5es. Isso faz o momento muito diferente daqueles em que ocorreram ruptura e desruptura institucional.<br>S\u00e3o inconsistentes as afirmativas de que Bolsonaro tencionaria o golpe (afinal, ele j\u00e1 est\u00e1 no poder atrav\u00e9s do voto) ou de que qualquer opositor seu o afastaria por instrumento diferente do que as elei\u00e7\u00f5es. Por mais que existam simpatizantes de 1964 ou de ditaduras \u2013 de direita ou de esquerda \u2013, eles s\u00e3o insuficientes para formar uma massa significativa. Um golpe \u00e9 algo fora de perspectiva e s\u00f3 ocorreria em situa\u00e7\u00e3o especial\u00edssima de insurrei\u00e7\u00e3o e desobedi\u00eancia civil nacional. \u00c9 por isso que temos de insistir nas reformas do Estado, inclusive no pol\u00edtico-eleitoral para que a representa\u00e7\u00e3o popular readquira o prestigio perdido durante as crises dos \u00faltimos anos, e o povo volte a ter motiva\u00e7\u00e3o para votar e confiar em seus representantes.<br>Os pol\u00edticos de todas as tend\u00eancias \u2013 at\u00e9 por uma quest\u00e3o de sobreviv\u00eancia \u2013 deveriam abandonar as teses extremadas, que s\u00f3 servem para tumultuar a vida nacional e em nada contribuem para a solu\u00e7\u00e3o dos problemas. Precisamos compreender que, mesmo imperfeita, temos a democracia implantada e vigente. O melhor a fazer \u00e9 buscar o seu aperfei\u00e7oamento e jamais investir na inviabilidade. Temos uma longa tarefa pela frente, que come\u00e7a pelas reforma administrativa, econ\u00f4mica, pol\u00edtica, eleitoral e outras. N\u00e3o devemos descartar nem a possibilidade de uma ampla reforma constitucional. Mas \u00e9 do interesse geral recha\u00e7ar todas as formas de ruptura e extremismo, pois elas levariam ao sofrimento do povo e ao atraso do pa\u00eds\u2026<\/p>\n\n\n\n<p>Tenente Dirceu Cardoso Gon\u00e7alves &#8211; dirigente da ASPOMIL (Associa\u00e7\u00e3o de Assist. Social dos Policiais Militares de S\u00e3o Paulo).<\/p>\n","protected":false},"excerpt":{"rendered":"<div class=\"mh-excerpt\"><p>A troca do comando nas For\u00e7as Armadas \u2013 parte da substitui\u00e7\u00e3o de seis ministros do atual governo, inclusive o da Defesa&#8230;<\/p>\n<\/div>","protected":false},"author":1,"featured_media":164,"comment_status":"open","ping_status":"open","sticky":false,"template":"","format":"standard","meta":{"footnotes":""},"categories":[2],"tags":[],"class_list":["post-4551","post","type-post","status-publish","format-standard","has-post-thumbnail","hentry","category-geral"],"_links":{"self":[{"href":"https:\/\/novosaopaulo.com.br\/index.php\/wp-json\/wp\/v2\/posts\/4551"}],"collection":[{"href":"https:\/\/novosaopaulo.com.br\/index.php\/wp-json\/wp\/v2\/posts"}],"about":[{"href":"https:\/\/novosaopaulo.com.br\/index.php\/wp-json\/wp\/v2\/types\/post"}],"author":[{"embeddable":true,"href":"https:\/\/novosaopaulo.com.br\/index.php\/wp-json\/wp\/v2\/users\/1"}],"replies":[{"embeddable":true,"href":"https:\/\/novosaopaulo.com.br\/index.php\/wp-json\/wp\/v2\/comments?post=4551"}],"version-history":[{"count":1,"href":"https:\/\/novosaopaulo.com.br\/index.php\/wp-json\/wp\/v2\/posts\/4551\/revisions"}],"predecessor-version":[{"id":4552,"href":"https:\/\/novosaopaulo.com.br\/index.php\/wp-json\/wp\/v2\/posts\/4551\/revisions\/4552"}],"wp:featuredmedia":[{"embeddable":true,"href":"https:\/\/novosaopaulo.com.br\/index.php\/wp-json\/wp\/v2\/media\/164"}],"wp:attachment":[{"href":"https:\/\/novosaopaulo.com.br\/index.php\/wp-json\/wp\/v2\/media?parent=4551"}],"wp:term":[{"taxonomy":"category","embeddable":true,"href":"https:\/\/novosaopaulo.com.br\/index.php\/wp-json\/wp\/v2\/categories?post=4551"},{"taxonomy":"post_tag","embeddable":true,"href":"https:\/\/novosaopaulo.com.br\/index.php\/wp-json\/wp\/v2\/tags?post=4551"}],"curies":[{"name":"wp","href":"https:\/\/api.w.org\/{rel}","templated":true}]}}