{"id":4548,"date":"2021-03-29T22:14:06","date_gmt":"2021-03-30T01:14:06","guid":{"rendered":"http:\/\/novosaopaulo.com.br\/?p=4548"},"modified":"2021-03-29T22:14:06","modified_gmt":"2021-03-30T01:14:06","slug":"procon-de-itaqua-realiza-fiscalizacao-em-supermercado-e-denuncias-aumentam","status":"publish","type":"post","link":"https:\/\/novosaopaulo.com.br\/index.php\/2021\/03\/29\/procon-de-itaqua-realiza-fiscalizacao-em-supermercado-e-denuncias-aumentam\/","title":{"rendered":"Procon de Itaqu\u00e1 realiza fiscaliza\u00e7\u00e3o em supermercado e den\u00fancias aumentam"},"content":{"rendered":"\n<p>O Procon de Itaquaquecetuba realizou uma a\u00e7\u00e3o fiscalizadora, na \u00faltima sexta-feira (26), em um supermercado da cidade, ap\u00f3s receber den\u00fancias sobre produtos impr\u00f3prios para consumo e pre\u00e7os abusivos. A a\u00e7\u00e3o resultou em um aumento de 80% no n\u00famero de reclama\u00e7\u00f5es e den\u00fancias. A a\u00e7\u00e3o na \u00e1rea central, contou com a presen\u00e7a do prefeito Eduardo Boigues, do deputado federal Celso Russomanno, do secret\u00e1rio de Governo, Marcello Barbosa e do apoio de t\u00e9cnicos do Procon e da Vigil\u00e2ncia Sanit\u00e1ria de Itaquaquecetuba.<\/p>\n\n\n\n<p>Na inspe\u00e7\u00e3o foram identificadas irregularidades sanit\u00e1rias, motivo pelo qual foi lavrado auto de infra\u00e7\u00e3o e efetuada a inutiliza\u00e7\u00e3o de produtos. Foram apuradas in\u00fameras irregularidades como produtos vencidos que estavam \u00e0 venda, armazenamento impr\u00f3prio de produtos para descarte como carnes e latic\u00ednios, materiais de limpeza guardados em c\u00e2maras frias, onde a destina\u00e7\u00e3o \u00e9 apenas para produtos de consumo.<\/p>\n\n\n\n<p>No interior do estabelecimento comercial, o \u00f3rg\u00e3o municipal localizou produtos de panifica\u00e7\u00e3o congelados e sem data de validade. V\u00e1rios pontos de contamina\u00e7\u00e3o como esgoto pr\u00f3ximo \u00e0s c\u00e2maras de armazenamento de carnes, que estavam desprotegidas e em armazenamento impr\u00f3prio e com as estruturas enferrujadas.<\/p>\n\n\n\n<p>Outras irregularidades, de menor risco sanit\u00e1rio, foram relacionadas em determina\u00e7\u00e3o t\u00e9cnica para regulariza\u00e7\u00e3o no prazo de 30 dias, entre elas manuten\u00e7\u00e3o f\u00edsica do estabelecimento, com corre\u00e7\u00e3o de piso, instala\u00e7\u00e3o de telas de prote\u00e7\u00e3o; reparo no elevador; manuten\u00e7\u00e3o de prateleiras; organiza\u00e7\u00e3o dos ambientes; entre outras.<\/p>\n\n\n\n<p>Nesta ocasi\u00e3o, o deputado federal Celso Russomano esteve com a equipe do quadro \u201cPatrulha do Consumidor, da TV Record. Para o prefeito, essa a\u00e7\u00e3o \u00e9 muito importante para proteger a popula\u00e7\u00e3o e, assim, eliminar ou diminuir riscos \u00e0 sa\u00fade da popula\u00e7\u00e3o. \u201cPrecisamos prevenir e interferir nesses problemas sanit\u00e1rios, principalmente nos dias de hoje, com os hospitais lotados e um alto risco de contamina\u00e7\u00e3o pelo novo coronav\u00edrus\u201d, frisou o prefeito.<\/p>\n\n\n\n<p>Para o secret\u00e1rio de Governo, Marcello Barbosa, respons\u00e1vel pelas a\u00e7\u00f5es do Procon no munic\u00edpio, essa atua\u00e7\u00e3o, al\u00e9m de preservar a sa\u00fade da popula\u00e7\u00e3o, fez o papel primordial na prote\u00e7\u00e3o e defesa dos direitos dos consumidores e seus interesses. \u201cNossa responsabilidade \u00e9 sempre proteger e defender os consumidores de Itaqu\u00e1 contra abusos praticados pelos fornecedores de bens e servi\u00e7os nas rela\u00e7\u00f5es de consumo\u201d, finalizou o secret\u00e1rio.<\/p>\n\n\n\n<p>Foto: Divulga\u00e7\u00e3o<\/p>\n","protected":false},"excerpt":{"rendered":"<div class=\"mh-excerpt\"><p>O Procon de Itaquaquecetuba realizou uma a\u00e7\u00e3o fiscalizadora, na \u00faltima sexta-feira (26)<\/p>\n<\/div>","protected":false},"author":1,"featured_media":4549,"comment_status":"open","ping_status":"open","sticky":false,"template":"","format":"standard","meta":{"footnotes":""},"categories":[3],"tags":[25,154],"class_list":["post-4548","post","type-post","status-publish","format-standard","has-post-thumbnail","hentry","category-cidades","tag-capa","tag-itaqua"],"_links":{"self":[{"href":"https:\/\/novosaopaulo.com.br\/index.php\/wp-json\/wp\/v2\/posts\/4548"}],"collection":[{"href":"https:\/\/novosaopaulo.com.br\/index.php\/wp-json\/wp\/v2\/posts"}],"about":[{"href":"https:\/\/novosaopaulo.com.br\/index.php\/wp-json\/wp\/v2\/types\/post"}],"author":[{"embeddable":true,"href":"https:\/\/novosaopaulo.com.br\/index.php\/wp-json\/wp\/v2\/users\/1"}],"replies":[{"embeddable":true,"href":"https:\/\/novosaopaulo.com.br\/index.php\/wp-json\/wp\/v2\/comments?post=4548"}],"version-history":[{"count":1,"href":"https:\/\/novosaopaulo.com.br\/index.php\/wp-json\/wp\/v2\/posts\/4548\/revisions"}],"predecessor-version":[{"id":4550,"href":"https:\/\/novosaopaulo.com.br\/index.php\/wp-json\/wp\/v2\/posts\/4548\/revisions\/4550"}],"wp:featuredmedia":[{"embeddable":true,"href":"https:\/\/novosaopaulo.com.br\/index.php\/wp-json\/wp\/v2\/media\/4549"}],"wp:attachment":[{"href":"https:\/\/novosaopaulo.com.br\/index.php\/wp-json\/wp\/v2\/media?parent=4548"}],"wp:term":[{"taxonomy":"category","embeddable":true,"href":"https:\/\/novosaopaulo.com.br\/index.php\/wp-json\/wp\/v2\/categories?post=4548"},{"taxonomy":"post_tag","embeddable":true,"href":"https:\/\/novosaopaulo.com.br\/index.php\/wp-json\/wp\/v2\/tags?post=4548"}],"curies":[{"name":"wp","href":"https:\/\/api.w.org\/{rel}","templated":true}]}}