{"id":4543,"date":"2021-03-29T22:11:22","date_gmt":"2021-03-30T01:11:22","guid":{"rendered":"http:\/\/novosaopaulo.com.br\/?p=4543"},"modified":"2021-03-29T22:11:22","modified_gmt":"2021-03-30T01:11:22","slug":"jornalista-cristina-serra-lanca-livro-entrevista","status":"publish","type":"post","link":"https:\/\/novosaopaulo.com.br\/index.php\/2021\/03\/29\/jornalista-cristina-serra-lanca-livro-entrevista\/","title":{"rendered":"Jornalista Cristina Serra lan\u00e7a livro &#8220;Entrevista&#8221;"},"content":{"rendered":"\n<p><em>Novo livro da escritora traz entrevistas com grandes nomes da literatura brasileira<\/em><\/p>\n\n\n\n<p><strong>\u201cEntrevista\u201d<\/strong>&nbsp;(Kotter Editorial) \u00e9 o novo livro da jornalista e escritora&nbsp;<strong>Cristina Serra<\/strong>&nbsp;nos apresenta 12 entrevistas com romancistas e poetas brasileiros, feitas nos anos 1980, quando trabalhou para o peri\u00f3dico LEIA, especializado em literatura e mercado editorial.<\/p>\n\n\n\n<p>Com textos de introdu\u00e7\u00e3o a cada uma das entrevistas, onde a autora reconstitui como as conseguiu, como foi a receptividade dos autores \u00e0 jovem rep\u00f3rter em come\u00e7o de carreira, as impress\u00f5es que absorveu em cada encontro e que ficaram registradas em anota\u00e7\u00f5es guardadas at\u00e9 hoje no arquivo da jornalista.<\/p>\n\n\n\n<p>As edi\u00e7\u00f5es originais foram resgatadas no acervo da Biblioteca Brasiliana Guita e Jos\u00e9 Mindlin (BBM-USP), parceira do Instituto de Estudos Brasileiros da Universidade de S\u00e3o Paulo (IEB-USP), que guarda a cole\u00e7\u00e3o completa do LEIA.<\/p>\n\n\n\n<p>Jorge Amado, Carlos Drummond de Andrade, Ferreira Gullar, Jo\u00e3o Cabral de Melo Neto, M\u00e1rio Quintana e Jorge Amado s\u00e3o alguns dos brasileiros entrevistados, al\u00e9m da chilena Isabel Allende.<\/p>\n\n\n\n<p>Cristina conseguiu extrair dos entrevistados reflex\u00f5es profundas sobre seus processos criativos e m\u00e9todo de trabalho, sobre a literatura e o Brasil. Algumas entrevistas s\u00e3o marcadamente confessionais.<\/p>\n\n\n\n<p>Carlos Drummond fala de sua poesia: &#8220;S\u00e3o meus problemas, meus dramas, os meus sequestros, os meus complexos, a minha dificuldade de adapta\u00e7\u00e3o \u00e0 vida, todo esse sofrimento.\u201d<\/p>\n\n\n\n<p>M\u00e1rio Quintana afirma que \u201cpoesia n\u00e3o deixa de ser uma forma de falar sozinho\u201d.<\/p>\n\n\n\n<p>Gullar diz que \u201cpoesia s\u00f3 tem um sentido: mudar as coisas\u201d.<\/p>\n\n\n\n<p>Jorge Amado conta que escrevia todos os dias at\u00e9 \u00e0s 10h da manh\u00e3 porque depois desse hor\u00e1rio come\u00e7ava a \u201cemburrecer\u201d.<\/p>\n\n\n\n<p>Segundo o professor Jaime Oliva, do IEB-USP, a entrevista j\u00e1 \u00e9 considerada um g\u00eanero liter\u00e1rio por v\u00e1rios estudiosos de literatura e, a seu ver, o livro&nbsp;<strong>\u201cEntrevista&#8221;<\/strong>&nbsp;confirma esse entendimento. \u201cCristina faz poetas e romancistas exporem com clareza as entranhas da cria\u00e7\u00e3o liter\u00e1ria compondo um panorama dessa pr\u00e1tica art\u00edstica de uma gera\u00e7\u00e3o bem relevante\u201d.<\/p>\n\n\n\n<p>A autora lamenta apenas ter perdido as fitas com as grava\u00e7\u00f5es originais das entrevistas, que ela pretendia tornar acess\u00edveis em plataforma digital para os leitores. A umidade, por\u00e9m, impossibilitou que o \u00e1udio fosse recuperado.<\/p>\n\n\n\n<p>Cristina Serra estreou na literatura com o livro \u201cTrag\u00e9dia em Mariana \u2013 A hist\u00f3ria do maior desastre ambiental do Brasil\u201d. A obra \u00e9 uma investiga\u00e7\u00e3o sobre o desastre provocado pelo rompimento da barragem de Fund\u00e3o, em Mariana (MG), em novembro de 2015.<\/p>\n\n\n\n<p><strong>Sobre a autora:<\/strong><\/p>\n\n\n\n<figure class=\"wp-block-image\"><img decoding=\"async\" src=\"https:\/\/files.pressmanager.net\/clientes\/7aab8f6c49faa72b1422236a871b607f\/imagens\/2021\/03\/16\/1ad70aa8e2fb665412cbd4af184e547c_medium.jpg\" alt=\"\"\/><\/figure>\n\n\n\n<p>Cristina Serra nasceu em Bel\u00e9m do Par\u00e1 e formou-se em Jornalismo na Universidade Federal Fluminense.&nbsp; Trabalhou nas reda\u00e7\u00f5es dos jornais Resist\u00eancia, Tribuna da Imprensa, Leia, Jornal do Brasil, da revista Veja e da Rede Globo. Na TV, foi rep\u00f3rter de pol\u00edtica em Bras\u00edlia, correspondente em Nova York e comentarista do quadro \u201cMeninas do J\u00f4\u201d, no Programa do J\u00f4.<\/p>\n\n\n\n<p>Em 2015, foi escalada para a cobertura do desastre em Mariana, pelo Fant\u00e1stico. Como escritora, lan\u00e7ou as obras \u201cTrag\u00e9dia em Mariana: A hist\u00f3ria do maior desastre ambiental do Brasil\u201d e \u201c A Mata Atl\u00e2ntica e o mico-le\u00e3o-dourado: uma hist\u00f3ria de conserva\u00e7\u00e3o\u201d. Atualmente \u00e9 colunista da Folha de S\u00e3o Paulo.<\/p>\n\n\n\n<p><strong>Servi\u00e7<\/strong><strong>o:<\/strong><\/p>\n\n\n\n<p>Livro: ENTREVISTA<\/p>\n\n\n\n<p>Autor: Cristina Serra<\/p>\n\n\n\n<p>Editora: Kotter<\/p>\n\n\n\n<p>P\u00e1ginas: 168<\/p>\n\n\n\n<p>Pre\u00e7o: R$ 39,90<\/p>\n","protected":false},"excerpt":{"rendered":"<div class=\"mh-excerpt\"><p>Novo livro da escritora traz entrevistas com grandes nomes da literatura brasileira \u201cEntrevista\u201d&nbsp;(Kotter Editorial) \u00e9 o novo livro da jornalista e escritora&nbsp;Cristina Serra&nbsp;nos apresenta 12 <a class=\"mh-excerpt-more\" href=\"https:\/\/novosaopaulo.com.br\/index.php\/2021\/03\/29\/jornalista-cristina-serra-lanca-livro-entrevista\/\" title=\"Jornalista Cristina Serra lan\u00e7a livro &#8220;Entrevista&#8221;\">[&#8230;]<\/a><\/p>\n<\/div>","protected":false},"author":1,"featured_media":4544,"comment_status":"open","ping_status":"open","sticky":false,"template":"","format":"standard","meta":{"footnotes":""},"categories":[2],"tags":[],"class_list":["post-4543","post","type-post","status-publish","format-standard","has-post-thumbnail","hentry","category-geral"],"_links":{"self":[{"href":"https:\/\/novosaopaulo.com.br\/index.php\/wp-json\/wp\/v2\/posts\/4543"}],"collection":[{"href":"https:\/\/novosaopaulo.com.br\/index.php\/wp-json\/wp\/v2\/posts"}],"about":[{"href":"https:\/\/novosaopaulo.com.br\/index.php\/wp-json\/wp\/v2\/types\/post"}],"author":[{"embeddable":true,"href":"https:\/\/novosaopaulo.com.br\/index.php\/wp-json\/wp\/v2\/users\/1"}],"replies":[{"embeddable":true,"href":"https:\/\/novosaopaulo.com.br\/index.php\/wp-json\/wp\/v2\/comments?post=4543"}],"version-history":[{"count":1,"href":"https:\/\/novosaopaulo.com.br\/index.php\/wp-json\/wp\/v2\/posts\/4543\/revisions"}],"predecessor-version":[{"id":4545,"href":"https:\/\/novosaopaulo.com.br\/index.php\/wp-json\/wp\/v2\/posts\/4543\/revisions\/4545"}],"wp:featuredmedia":[{"embeddable":true,"href":"https:\/\/novosaopaulo.com.br\/index.php\/wp-json\/wp\/v2\/media\/4544"}],"wp:attachment":[{"href":"https:\/\/novosaopaulo.com.br\/index.php\/wp-json\/wp\/v2\/media?parent=4543"}],"wp:term":[{"taxonomy":"category","embeddable":true,"href":"https:\/\/novosaopaulo.com.br\/index.php\/wp-json\/wp\/v2\/categories?post=4543"},{"taxonomy":"post_tag","embeddable":true,"href":"https:\/\/novosaopaulo.com.br\/index.php\/wp-json\/wp\/v2\/tags?post=4543"}],"curies":[{"name":"wp","href":"https:\/\/api.w.org\/{rel}","templated":true}]}}