{"id":4522,"date":"2021-03-25T22:21:28","date_gmt":"2021-03-26T01:21:28","guid":{"rendered":"http:\/\/novosaopaulo.com.br\/?p=4522"},"modified":"2021-03-25T22:22:32","modified_gmt":"2021-03-26T01:22:32","slug":"escolas-municipais-adotam-modo-remoto-para-celebrar-72o-aniversario-de-poa","status":"publish","type":"post","link":"https:\/\/novosaopaulo.com.br\/index.php\/2021\/03\/25\/escolas-municipais-adotam-modo-remoto-para-celebrar-72o-aniversario-de-poa\/","title":{"rendered":"Escolas municipais adotam modo remoto para celebrar 72\u00ba anivers\u00e1rio de Po\u00e1"},"content":{"rendered":"\n<p>V\u00eddeos produzidos ser\u00e3o encaminhados aos alunos via aplicativos de<br>mensagens com o objetivo de celebrar anivers\u00e1rio em meio \u00e0 pandemia<\/p>\n\n\n\n<p>Celebrar o 72\u00ba anivers\u00e1rio de emancipa\u00e7\u00e3o politico-administrativo do<br>munic\u00edpio de Po\u00e1, em meio \u00e0 pandemia, se tornou um desafio para os<br>poaenses. Mas escolas municipais adotaram o modo remoto para comemorar<br>junto aos seus alunos o dia 26 de mar\u00e7o. O material ser\u00e1 encaminhado<br>para os alunos pelos grupos de aplicativo de mensagens, j\u00e1 utilizados<br>pelos professores para compartilhar o material de estudo, diante das<br>aulas virtuais, e a hist\u00f3ria da cidade ser\u00e1 abordada com as turmas.<\/p>\n\n\n\n<p>A Escola Municipal de Ensino B\u00e1sico (Emeb) M\u00e1rio Romero, localizada no<br>Jardim Odete, em Po\u00e1, desenvolveu um v\u00eddeo especial para enviar aos seus<br>519 alunos. A iniciativa partiu da dire\u00e7\u00e3o da pr\u00f3pria unidade escolar,<br>sendo que o v\u00eddeo foi produzido pela professora Daniele Prado, junto com<br>a equipe gestora da Emeb. \u201cO material foi feito com muito carinho para<br>os alunos. Foi uma maneira que a escola encontrou de celebrar o<br>anivers\u00e1rio e ao mesmo tempo apresentar a hist\u00f3ria da cidade\u201d, afirmou a<br>secret\u00e1ria de Educa\u00e7\u00e3o, Simone Lacerda. O v\u00eddeo \u00e9 curto e conta com<br>imagens antigas e recentes, al\u00e9m de uma narrativa da hist\u00f3ria.<\/p>\n\n\n\n<p>O segundo v\u00eddeo foi produzido pelo professor Samuel Barboza. Atualmente<br>ele \u00e9 diretor do polo formado pelas Emebs Roberto Elias Xidieh, Walkiria<br>Jannoni Vieira, a Escola Municipal de Ensino Infantil (Emei) Wilson<br>Vieira Rodrigues e a Creche Neusa Gomes, todas no Jardim Nova Po\u00e1. O<br>material \u00e9 um cordel em homenagem ao anivers\u00e1rio do munic\u00edpio. \u201cO<br>material \u00e9 uma sutileza muito grande e bem emocionante. Parabenizo o<br>professor pelo carinho com que produziu o v\u00eddeo\u201d, disse a secret\u00e1ria.<\/p>\n\n\n\n<p>Al\u00e9m de ser enviado pelos grupos de aplicativo de mensagens, os v\u00eddeos<br>tamb\u00e9m ser\u00e3o postados no Facebook das unidades escolares, para que todos<br>os estudantes da rede municipal tenha acesso.\u201cVamos enviar esses<br>materiais durante esta semana, j\u00e1 que no dia do anivers\u00e1rio da cidade<br>ser\u00e1 feriado municipal. Fiquei muito feliz com a iniciativa e muito<br>orgulhosa de todos&nbsp; os envolvidos na produ\u00e7\u00e3o dos v\u00eddeos\u201d, finalizou<br>Simone.<\/p>\n\n\n\n<p>FOTOS: Rodrigo Nagafuti<\/p>\n","protected":false},"excerpt":{"rendered":"<div class=\"mh-excerpt\"><p>V\u00eddeos produzidos ser\u00e3o encaminhados aos alunos via aplicativos de<br \/>\nmensagens com o objetivo de celebrar anivers\u00e1rio em meio \u00e0 pandemia<\/p>\n<\/div>","protected":false},"author":1,"featured_media":4523,"comment_status":"open","ping_status":"open","sticky":false,"template":"","format":"standard","meta":{"footnotes":""},"categories":[2],"tags":[25],"class_list":["post-4522","post","type-post","status-publish","format-standard","has-post-thumbnail","hentry","category-geral","tag-capa"],"_links":{"self":[{"href":"https:\/\/novosaopaulo.com.br\/index.php\/wp-json\/wp\/v2\/posts\/4522"}],"collection":[{"href":"https:\/\/novosaopaulo.com.br\/index.php\/wp-json\/wp\/v2\/posts"}],"about":[{"href":"https:\/\/novosaopaulo.com.br\/index.php\/wp-json\/wp\/v2\/types\/post"}],"author":[{"embeddable":true,"href":"https:\/\/novosaopaulo.com.br\/index.php\/wp-json\/wp\/v2\/users\/1"}],"replies":[{"embeddable":true,"href":"https:\/\/novosaopaulo.com.br\/index.php\/wp-json\/wp\/v2\/comments?post=4522"}],"version-history":[{"count":1,"href":"https:\/\/novosaopaulo.com.br\/index.php\/wp-json\/wp\/v2\/posts\/4522\/revisions"}],"predecessor-version":[{"id":4524,"href":"https:\/\/novosaopaulo.com.br\/index.php\/wp-json\/wp\/v2\/posts\/4522\/revisions\/4524"}],"wp:featuredmedia":[{"embeddable":true,"href":"https:\/\/novosaopaulo.com.br\/index.php\/wp-json\/wp\/v2\/media\/4523"}],"wp:attachment":[{"href":"https:\/\/novosaopaulo.com.br\/index.php\/wp-json\/wp\/v2\/media?parent=4522"}],"wp:term":[{"taxonomy":"category","embeddable":true,"href":"https:\/\/novosaopaulo.com.br\/index.php\/wp-json\/wp\/v2\/categories?post=4522"},{"taxonomy":"post_tag","embeddable":true,"href":"https:\/\/novosaopaulo.com.br\/index.php\/wp-json\/wp\/v2\/tags?post=4522"}],"curies":[{"name":"wp","href":"https:\/\/api.w.org\/{rel}","templated":true}]}}