{"id":4519,"date":"2021-03-25T22:17:50","date_gmt":"2021-03-26T01:17:50","guid":{"rendered":"http:\/\/novosaopaulo.com.br\/?p=4519"},"modified":"2021-03-25T22:18:16","modified_gmt":"2021-03-26T01:18:16","slug":"vereador-ze-oliveira-pede-informacoes-a-secretaria-de-assistencia-e-desenvolvimento-social-sobre-acoes-para-pessoas-em-situacao-de-vulnerabilidade-social","status":"publish","type":"post","link":"https:\/\/novosaopaulo.com.br\/index.php\/2021\/03\/25\/vereador-ze-oliveira-pede-informacoes-a-secretaria-de-assistencia-e-desenvolvimento-social-sobre-acoes-para-pessoas-em-situacao-de-vulnerabilidade-social\/","title":{"rendered":"Vereador Z\u00e9 Oliveira pede informa\u00e7\u00f5es \u00e0 Secretaria de Assist\u00eancia e Desenvolvimento Social sobre a\u00e7\u00f5es para pessoas em situa\u00e7\u00e3o de vulnerabilidade social"},"content":{"rendered":"\n<p>O vereador Jos\u00e9 Oliveira Lima (PDT), o Z\u00e9 Oliveira, usou a Tribuna Livre da C\u00e2mara de Suzano, durante a sess\u00e3o de ontem (24), para solicitar informa\u00e7\u00f5es \u00e0 Secretaria de Assist\u00eancia e Desenvolvimento Social sobre a\u00e7\u00f5es voltadas \u00e0s pessoas em situa\u00e7\u00e3o de vulnerabilidade social no munic\u00edpio. Ele relatou que tem sido procurado por mun\u00edcipes que pedem ajuda por causa das consequ\u00eancias econ\u00f4micas que a pandemia do novo coronav\u00edrus (Covid-19) tem trazido.\u201cTemos uma preocupa\u00e7\u00e3o muito grande porque a pessoas est\u00e3o vindo a n\u00f3s, vereadores, requisitando ajuda. Uma das coisas mais pedidas s\u00e3o cestas b\u00e1sicas para quem est\u00e1 passando fome\u201d, disse Z\u00e9 Oliveira.<\/p>\n\n\n\n<p>\u201cQueremos que o secret\u00e1rio da Assist\u00eancia e Desenvolvimento Social, Geraldo Garippo, nos apresente o que est\u00e1 sendo feito e quais as sugest\u00f5es para popula\u00e7\u00e3o que est\u00e1 sem alimenta\u00e7\u00e3o.\u201d<\/p>\n\n\n\n<p>O parlamentar tamb\u00e9m deixou uma mensagem de apoio aos comerciantes de Suzano: \u201cEles geram emprego e renda pra o munic\u00edpio e hoje est\u00e3o em situa\u00e7\u00e3o delicada por causa da pandemia.\u201d<\/p>\n\n\n\n<p>Z\u00e9 Oliveira disse ter certeza de que o Executivo e a Casa de Leis est\u00e3o fazendo o poss\u00edvel para ajudar o munic\u00edpio a sair da pandemia, com a destina\u00e7\u00e3o de emendas e aprova\u00e7\u00e3o de projetos para a aquisi\u00e7\u00e3o de vacinas e insumos. \u201cParabenizo o prefeito Rodrigo Ashiuchi (PL) pelo empenho\u201d, completou.<\/p>\n","protected":false},"excerpt":{"rendered":"<div class=\"mh-excerpt\"><p>O vereador Jos\u00e9 Oliveira Lima (PDT), o Z\u00e9 Oliveira, usou a Tribuna Livre da C\u00e2mara de Suzano&#8230;<\/p>\n<\/div>","protected":false},"author":1,"featured_media":4520,"comment_status":"open","ping_status":"open","sticky":false,"template":"","format":"standard","meta":{"footnotes":""},"categories":[2],"tags":[],"class_list":["post-4519","post","type-post","status-publish","format-standard","has-post-thumbnail","hentry","category-geral"],"_links":{"self":[{"href":"https:\/\/novosaopaulo.com.br\/index.php\/wp-json\/wp\/v2\/posts\/4519"}],"collection":[{"href":"https:\/\/novosaopaulo.com.br\/index.php\/wp-json\/wp\/v2\/posts"}],"about":[{"href":"https:\/\/novosaopaulo.com.br\/index.php\/wp-json\/wp\/v2\/types\/post"}],"author":[{"embeddable":true,"href":"https:\/\/novosaopaulo.com.br\/index.php\/wp-json\/wp\/v2\/users\/1"}],"replies":[{"embeddable":true,"href":"https:\/\/novosaopaulo.com.br\/index.php\/wp-json\/wp\/v2\/comments?post=4519"}],"version-history":[{"count":1,"href":"https:\/\/novosaopaulo.com.br\/index.php\/wp-json\/wp\/v2\/posts\/4519\/revisions"}],"predecessor-version":[{"id":4521,"href":"https:\/\/novosaopaulo.com.br\/index.php\/wp-json\/wp\/v2\/posts\/4519\/revisions\/4521"}],"wp:featuredmedia":[{"embeddable":true,"href":"https:\/\/novosaopaulo.com.br\/index.php\/wp-json\/wp\/v2\/media\/4520"}],"wp:attachment":[{"href":"https:\/\/novosaopaulo.com.br\/index.php\/wp-json\/wp\/v2\/media?parent=4519"}],"wp:term":[{"taxonomy":"category","embeddable":true,"href":"https:\/\/novosaopaulo.com.br\/index.php\/wp-json\/wp\/v2\/categories?post=4519"},{"taxonomy":"post_tag","embeddable":true,"href":"https:\/\/novosaopaulo.com.br\/index.php\/wp-json\/wp\/v2\/tags?post=4519"}],"curies":[{"name":"wp","href":"https:\/\/api.w.org\/{rel}","templated":true}]}}