{"id":4510,"date":"2021-03-25T22:09:53","date_gmt":"2021-03-26T01:09:53","guid":{"rendered":"http:\/\/novosaopaulo.com.br\/?p=4510"},"modified":"2021-03-25T22:09:53","modified_gmt":"2021-03-26T01:09:53","slug":"regiao-tera-campanha-de-vacinacao-solidaria","status":"publish","type":"post","link":"https:\/\/novosaopaulo.com.br\/index.php\/2021\/03\/25\/regiao-tera-campanha-de-vacinacao-solidaria\/","title":{"rendered":"Regi\u00e3o ter\u00e1 campanha de \u201cVacina\u00e7\u00e3o Solid\u00e1ria\u201d"},"content":{"rendered":"\n<p><em>Campanha incentiva a doa\u00e7\u00e3o de alimentos pelo p\u00fablico a ser vacinado; objetivo \u00e9 proteger a popula\u00e7\u00e3o contra a Covid-19 e arrecadar mantimentos para fam\u00edlias em situa\u00e7\u00e3o de vulnerabilidade social<\/em><\/p>\n\n\n\n<p>Os munic\u00edpios do CONDEMAT \u2013 Cons\u00f3rcio de Desenvolvimento dos Munic\u00edpios do Alto Tiet\u00ea iniciam at\u00e9 segunda-feira (29\/03) &nbsp;uma a\u00e7\u00e3o regional de est\u00edmulo \u00e0 prote\u00e7\u00e3o contra a Covid-19 e a solidariedade. A campanha \u201cVacina\u00e7\u00e3o Solid\u00e1ria\u201d visa arrecadar, junto ao p\u00fablico a ser vacinado nos drive-thru e outros postos de imuniza\u00e7\u00e3o, alimentos n\u00e3o perec\u00edveis destinados a fam\u00edlias em situa\u00e7\u00e3o de vulnerabilidade social e que tiveram a renda afetada pela pandemia.<\/p>\n\n\n\n<p>Inspirada nas propostas de Guarulhos e Mogi das Cruzes, a campanha regional foi deliberada pelo Conselho de Prefeitos do CONDEMAT nesta ter\u00e7a-feira (23\/03) e vai articular a atua\u00e7\u00e3o das equipes dos Fundos Sociais de Solidariedade e das Secretarias Municipais de Sa\u00fade e Assist\u00eancia Social.&nbsp; &nbsp;A meta \u00e9 que cada pessoa a ser vacinada possa, de forma volunt\u00e1ria, contribuir com a doa\u00e7\u00e3o de alimentos, o que possibilitar\u00e1 que mais pessoas sejam assistidas neste momento de dificuldade e restri\u00e7\u00f5es.<\/p>\n\n\n\n<p>\u201cInfelizmente muitas fam\u00edlias tiveram suas rendas prejudicadas por conta da pandemia e essa \u00e9 a hora em que devemos nos unir para combater \u00e0 fome, assim como estamos todos unidos no combate \u00e0 Covid-19\u201d, destacou Guti Costa, prefeito de Guarulhos onde a campanha come\u00e7a na segunda-feira.<\/p>\n\n\n\n<p>Em Mogi das Cruzes a arrecada\u00e7\u00e3o come\u00e7ou a ser desenvolvida nesta semana no drive-thru e o prefeito Caio Cunha disse que a ades\u00e3o por parte dos vacinados \u00e9 positiva. \u201cA popula\u00e7\u00e3o quer ajudar e muitas vezes n\u00e3o sabe como. O apelo emocional da vacina\u00e7\u00e3o \u00e9 um incentivo ainda maior para aqueles que podem contribuir de alguma maneira\u201d, disse.<\/p>\n\n\n\n<p>Cada munic\u00edpio ir\u00e1 divulgar os pontos e hor\u00e1rios de vacina\u00e7\u00e3o que contar\u00e3o com a arrecada\u00e7\u00e3o de alimentos, respeitando os protocolos sanit\u00e1rios de seguran\u00e7a.&nbsp;<\/p>\n","protected":false},"excerpt":{"rendered":"<div class=\"mh-excerpt\"><p>Campanha incentiva a doa\u00e7\u00e3o de alimentos pelo p\u00fablico a ser vacinado; objetivo \u00e9 proteger a popula\u00e7\u00e3o contra a Covid-19 e arrecadar mantimentos para fam\u00edlias em <a class=\"mh-excerpt-more\" href=\"https:\/\/novosaopaulo.com.br\/index.php\/2021\/03\/25\/regiao-tera-campanha-de-vacinacao-solidaria\/\" title=\"Regi\u00e3o ter\u00e1 campanha de \u201cVacina\u00e7\u00e3o Solid\u00e1ria\u201d\">[&#8230;]<\/a><\/p>\n<\/div>","protected":false},"author":1,"featured_media":4511,"comment_status":"open","ping_status":"open","sticky":false,"template":"","format":"standard","meta":{"footnotes":""},"categories":[2],"tags":[],"class_list":["post-4510","post","type-post","status-publish","format-standard","has-post-thumbnail","hentry","category-geral"],"_links":{"self":[{"href":"https:\/\/novosaopaulo.com.br\/index.php\/wp-json\/wp\/v2\/posts\/4510"}],"collection":[{"href":"https:\/\/novosaopaulo.com.br\/index.php\/wp-json\/wp\/v2\/posts"}],"about":[{"href":"https:\/\/novosaopaulo.com.br\/index.php\/wp-json\/wp\/v2\/types\/post"}],"author":[{"embeddable":true,"href":"https:\/\/novosaopaulo.com.br\/index.php\/wp-json\/wp\/v2\/users\/1"}],"replies":[{"embeddable":true,"href":"https:\/\/novosaopaulo.com.br\/index.php\/wp-json\/wp\/v2\/comments?post=4510"}],"version-history":[{"count":1,"href":"https:\/\/novosaopaulo.com.br\/index.php\/wp-json\/wp\/v2\/posts\/4510\/revisions"}],"predecessor-version":[{"id":4512,"href":"https:\/\/novosaopaulo.com.br\/index.php\/wp-json\/wp\/v2\/posts\/4510\/revisions\/4512"}],"wp:featuredmedia":[{"embeddable":true,"href":"https:\/\/novosaopaulo.com.br\/index.php\/wp-json\/wp\/v2\/media\/4511"}],"wp:attachment":[{"href":"https:\/\/novosaopaulo.com.br\/index.php\/wp-json\/wp\/v2\/media?parent=4510"}],"wp:term":[{"taxonomy":"category","embeddable":true,"href":"https:\/\/novosaopaulo.com.br\/index.php\/wp-json\/wp\/v2\/categories?post=4510"},{"taxonomy":"post_tag","embeddable":true,"href":"https:\/\/novosaopaulo.com.br\/index.php\/wp-json\/wp\/v2\/tags?post=4510"}],"curies":[{"name":"wp","href":"https:\/\/api.w.org\/{rel}","templated":true}]}}