{"id":4507,"date":"2021-03-25T22:07:51","date_gmt":"2021-03-26T01:07:51","guid":{"rendered":"http:\/\/novosaopaulo.com.br\/?p=4507"},"modified":"2021-03-25T22:07:51","modified_gmt":"2021-03-26T01:07:51","slug":"vereadores-pedem-informacoes-sobre-acoes-na-pandemia-das-secretarias-de-educacao-e-de-assistencia-e-desenvolvimento-social","status":"publish","type":"post","link":"https:\/\/novosaopaulo.com.br\/index.php\/2021\/03\/25\/vereadores-pedem-informacoes-sobre-acoes-na-pandemia-das-secretarias-de-educacao-e-de-assistencia-e-desenvolvimento-social\/","title":{"rendered":"Vereadores pedem informa\u00e7\u00f5es sobre a\u00e7\u00f5es na pandemia das secretarias de Educa\u00e7\u00e3o e de Assist\u00eancia e Desenvolvimento Social"},"content":{"rendered":"\n<p>Os vereadores de Suzano protocolaram hoje (25) of\u00edcios nas secretarias<br>de Educa\u00e7\u00e3o e de Assist\u00eancia e Desenvolvimento Social solicitando<br>informa\u00e7\u00f5es sobre a\u00e7\u00f5es e medidas que est\u00e3o sendo tomadas durante a<br>pandemia do novo coronav\u00edrus (Covid-19). A delibera\u00e7\u00e3o pelo envio dos<br>documentos foi feita pelo presidente da C\u00e2mara, Leandro Alves de Faria<br>(PL), o Leandrinho, durante a sess\u00e3o de ontem (24), ap\u00f3s manifesta\u00e7\u00e3o de<br>alguns vereadores em seus discursos na Tribuna Livre.<\/p>\n\n\n\n<p>Ao secret\u00e1rio de Educa\u00e7\u00e3o, Leandro Bassini, os vereadores solicitam<br>informa\u00e7\u00f5es sobre o planejamento do cronograma de volta \u00e0s aulas<br>presenciais na rede municipal, bem como o balan\u00e7o das escolas sobre o<br>andamento e aplica\u00e7\u00e3o das aulas remotas. Pedem, ainda, o relat\u00f3rio<br>detalhado da plataforma de ensino a dist\u00e2ncia, com a quantidade de<br>acessos e presen\u00e7a de alunos por sala, como tamb\u00e9m o n\u00famero de<br>estudantes que deixaram de frequentar as aulas, com os nomes dos<br>respectivos professores.<\/p>\n\n\n\n<p>Os vereadores tamb\u00e9m solicitam que o secret\u00e1rio apresente o prazo<br>previsto para vacina\u00e7\u00e3o de professores da rede municipal, uma vez que o<br>governador Jo\u00e3o Doria (PSDB) anunciou ontem (24) a inclus\u00e3o de<br>professores e funcion\u00e1rios da educa\u00e7\u00e3o no grupo priorit\u00e1rio do plano de<br>imuniza\u00e7\u00e3o do Estado de S\u00e3o Paulo.<br>J\u00e1 ao secret\u00e1rio de Assist\u00eancia e Desenvolvimento Social, Geraldo<br>Garippo, pedem informa\u00e7\u00f5es sobre a\u00e7\u00f5es e medidas adotadas pela pasta em<br>rela\u00e7\u00e3o ao atendimento da popula\u00e7\u00e3o carente do munic\u00edpio, assim como<br>sobre aux\u00edlio aos comerciantes. \u201cVale salientar que o momento e sens\u00edvel<br>e estamos recebendo muitas queixas da popula\u00e7\u00e3o em geral, portanto<br>entendemos que o poder p\u00fablico deve intervir para atender aos anseios<br>dos suzanenses\u201d, escreveram os vereadores.<\/p>\n\n\n\n<p>Os documentos s\u00e3o assinados pela Mesa Diretiva, presidida por<br>Leandrinho, e que tem como primeiro secret\u00e1rio Antonio Rafael Morgado<br>(PDT), o Professor Toninho Morgado, e como segundo secret\u00e1rio Jaime<br>Siunte (PSDB). Tamb\u00e9m assinam os of\u00edcios os vereadores Andr\u00e9 Marcos de<br>Abreu (PSC), o Pacola; Artur Takayama (PL); Denis Claudio da Silva<br>(DEM), o filho do Pedrinho do Mercado; Edirlei Junio Reis (PSDB), o<br>Professor Edirlei; e F\u00e1bio Diniz (PTB).<\/p>\n\n\n\n<p>Foto: Vivian Turcato<\/p>\n","protected":false},"excerpt":{"rendered":"<div class=\"mh-excerpt\"><p>Os vereadores de Suzano protocolaram hoje (25) of\u00edcios nas secretariasde Educa\u00e7\u00e3o e de Assist\u00eancia e Desenvolvimento Social solicitandoinforma\u00e7\u00f5es sobre a\u00e7\u00f5es e medidas que est\u00e3o sendo <a class=\"mh-excerpt-more\" href=\"https:\/\/novosaopaulo.com.br\/index.php\/2021\/03\/25\/vereadores-pedem-informacoes-sobre-acoes-na-pandemia-das-secretarias-de-educacao-e-de-assistencia-e-desenvolvimento-social\/\" title=\"Vereadores pedem informa\u00e7\u00f5es sobre a\u00e7\u00f5es na pandemia das secretarias de Educa\u00e7\u00e3o e de Assist\u00eancia e Desenvolvimento Social\">[&#8230;]<\/a><\/p>\n<\/div>","protected":false},"author":1,"featured_media":4508,"comment_status":"open","ping_status":"open","sticky":false,"template":"","format":"standard","meta":{"footnotes":""},"categories":[2],"tags":[],"class_list":["post-4507","post","type-post","status-publish","format-standard","has-post-thumbnail","hentry","category-geral"],"_links":{"self":[{"href":"https:\/\/novosaopaulo.com.br\/index.php\/wp-json\/wp\/v2\/posts\/4507"}],"collection":[{"href":"https:\/\/novosaopaulo.com.br\/index.php\/wp-json\/wp\/v2\/posts"}],"about":[{"href":"https:\/\/novosaopaulo.com.br\/index.php\/wp-json\/wp\/v2\/types\/post"}],"author":[{"embeddable":true,"href":"https:\/\/novosaopaulo.com.br\/index.php\/wp-json\/wp\/v2\/users\/1"}],"replies":[{"embeddable":true,"href":"https:\/\/novosaopaulo.com.br\/index.php\/wp-json\/wp\/v2\/comments?post=4507"}],"version-history":[{"count":1,"href":"https:\/\/novosaopaulo.com.br\/index.php\/wp-json\/wp\/v2\/posts\/4507\/revisions"}],"predecessor-version":[{"id":4509,"href":"https:\/\/novosaopaulo.com.br\/index.php\/wp-json\/wp\/v2\/posts\/4507\/revisions\/4509"}],"wp:featuredmedia":[{"embeddable":true,"href":"https:\/\/novosaopaulo.com.br\/index.php\/wp-json\/wp\/v2\/media\/4508"}],"wp:attachment":[{"href":"https:\/\/novosaopaulo.com.br\/index.php\/wp-json\/wp\/v2\/media?parent=4507"}],"wp:term":[{"taxonomy":"category","embeddable":true,"href":"https:\/\/novosaopaulo.com.br\/index.php\/wp-json\/wp\/v2\/categories?post=4507"},{"taxonomy":"post_tag","embeddable":true,"href":"https:\/\/novosaopaulo.com.br\/index.php\/wp-json\/wp\/v2\/tags?post=4507"}],"curies":[{"name":"wp","href":"https:\/\/api.w.org\/{rel}","templated":true}]}}