{"id":4472,"date":"2021-03-23T18:21:53","date_gmt":"2021-03-23T21:21:53","guid":{"rendered":"http:\/\/novosaopaulo.com.br\/?p=4472"},"modified":"2021-03-23T18:22:00","modified_gmt":"2021-03-23T21:22:00","slug":"itaqua-expande-locais-de-vacinacao-dos-idosos-de-72-a-74-anos-e-reforca-equipes","status":"publish","type":"post","link":"https:\/\/novosaopaulo.com.br\/index.php\/2021\/03\/23\/itaqua-expande-locais-de-vacinacao-dos-idosos-de-72-a-74-anos-e-reforca-equipes\/","title":{"rendered":"Itaqu\u00e1 expande locais de vacina\u00e7\u00e3o dos idosos de 72 a 74 anos e refor\u00e7a equipes"},"content":{"rendered":"\n<p>A Prefeitura de Itaquaquecetuba, por meio da Secretaria Municipal de Sa\u00fade, liberou tr\u00eas locais de vacina\u00e7\u00e3o contra a Covid-19 para os idosos de 72 a 74 anos tomarem a primeira dose da CoronaVac e refor\u00e7ou as equipes. Em todos os pontos a vacina\u00e7\u00e3o ocorre das 8h \u00e0s 15h.<\/p>\n\n\n\n<p>O drive-thru na Univeritas\/Ung (avenida Uberaba, 251 &#8211; Vila Virg\u00ednia) voltou a ser local de vacina\u00e7\u00e3o e conta com o refor\u00e7o de um professor do curso de biomedicina e cerca de cinco alunos. &nbsp;<\/p>\n\n\n\n<p>A quadra da Escola Municipal Eng. Chiozo Kitakawa, que fica na avenida Pedro de Toledo, 115 &#8211; Caiuby, \u00e9 outro dos novos pontos, tamb\u00e9m tendo como refor\u00e7o um professor e cerca de cinco alunos. A UBS Caiuby (estrada dos \u00cdndios, 1.125 &#8211; Caiuby) segue com a imuniza\u00e7\u00e3o.<\/p>\n\n\n\n<p>No Jardim Odete, a vacina\u00e7\u00e3o passa a ser feita no gin\u00e1sio que fica ao lado da UBS Jardim Odete (rua Visconde De Taunay, 210 &#8211; Altos de Itaqu\u00e1), e n\u00e3o mais na pr\u00f3pria UBS, com o mesmo refor\u00e7o na equipe.<\/p>\n\n\n\n<p>As UBSs Centro (rua Jo\u00e3o Vagnotti, 22 &#8211; Centro), Recanto M\u00f4nica (rua Mombuca, 176 &#8211; Recanto M\u00f4nica), Caic (rua Santa Catarina, 382 &#8211; Morro Branco) e Monte Belo (rua Aruj\u00e1, 25 &#8211; Monte Belo) continuam a realizar a imuniza\u00e7\u00e3o. A unidade Monte Belo conta com o refor\u00e7o de funcion\u00e1rios do Centro de Especialidades de Itaquaquecetuba (CEI) e a unidade Caic com dois alunos do curso de biomedicina.<\/p>\n\n\n\n<p>&#8220;Ajustamos os pontos de vacina\u00e7\u00e3o para receber os idosos com mais espa\u00e7o, conforto e evitar aglomera\u00e7\u00f5es&#8221;, explicou o prefeito Eduardo Boigues.<\/p>\n\n\n\n<p>&#8220;A cada dia que passa, mais idosos v\u00e3o sendo vacinados em Itaquaquecetuba. Logo esse pesadelo vai passar&#8221;, acrescentou o secret\u00e1rio de Sa\u00fade Edson Rodrigues.<\/p>\n\n\n\n<p>CONTINUA\u00c7\u00c3O<\/p>\n\n\n\n<p>O munic\u00edpio tamb\u00e9m vai seguir com a imuniza\u00e7\u00e3o de primeira dose da CoronaVac nos idosos de 75 a 79 anos nas UBSs Centro, Caiuby, Odete, Recanto M\u00f4nica, Caic e Monte Belo, das 8h \u00e0s 15h.<\/p>\n\n\n\n<p>A primeira dose da AstraZeneca e a segunda da CoronaVac tamb\u00e9m continuam a ser dadas aos idosos com 80 anos ou mais na UBS Jardim do Carmo, das 9h \u00e0s 13h.<\/p>\n\n\n\n<p>DOCUMENTOS NECESS\u00c1RIOS<\/p>\n\n\n\n<p>Para quem for tomar a primeira dose, se poss\u00edvel, a prefeitura pede que seja feito antecipadamente o cadastro pelo site Vacina J\u00e1 (<a href=\"http:\/\/www.vacinaja.sp.gov.br\/\" target=\"_blank\" rel=\"noreferrer noopener\">www.vacinaja.sp.gov.br<\/a>).<\/p>\n\n\n\n<p>No dia da vacina\u00e7\u00e3o, \u00e9 necess\u00e1rio levar CPF, documento com foto e comprovante de resid\u00eancia. Para quem for tomar a segunda dose, al\u00e9m dos documentos j\u00e1 citados, \u00e9 obrigat\u00f3ria a apresenta\u00e7\u00e3o do cart\u00e3o vacinal.<\/p>\n","protected":false},"excerpt":{"rendered":"<div class=\"mh-excerpt\"><p>A Prefeitura de Itaquaquecetuba, por meio da Secretaria Municipal de Sa\u00fade, liberou tr\u00eas locais de vacina\u00e7\u00e3o contra a Covid-19 para os idosos de 72 a <a class=\"mh-excerpt-more\" href=\"https:\/\/novosaopaulo.com.br\/index.php\/2021\/03\/23\/itaqua-expande-locais-de-vacinacao-dos-idosos-de-72-a-74-anos-e-reforca-equipes\/\" title=\"Itaqu\u00e1 expande locais de vacina\u00e7\u00e3o dos idosos de 72 a 74 anos e refor\u00e7a equipes\">[&#8230;]<\/a><\/p>\n<\/div>","protected":false},"author":1,"featured_media":4473,"comment_status":"open","ping_status":"open","sticky":false,"template":"","format":"standard","meta":{"footnotes":""},"categories":[3],"tags":[154],"class_list":["post-4472","post","type-post","status-publish","format-standard","has-post-thumbnail","hentry","category-cidades","tag-itaqua"],"_links":{"self":[{"href":"https:\/\/novosaopaulo.com.br\/index.php\/wp-json\/wp\/v2\/posts\/4472"}],"collection":[{"href":"https:\/\/novosaopaulo.com.br\/index.php\/wp-json\/wp\/v2\/posts"}],"about":[{"href":"https:\/\/novosaopaulo.com.br\/index.php\/wp-json\/wp\/v2\/types\/post"}],"author":[{"embeddable":true,"href":"https:\/\/novosaopaulo.com.br\/index.php\/wp-json\/wp\/v2\/users\/1"}],"replies":[{"embeddable":true,"href":"https:\/\/novosaopaulo.com.br\/index.php\/wp-json\/wp\/v2\/comments?post=4472"}],"version-history":[{"count":1,"href":"https:\/\/novosaopaulo.com.br\/index.php\/wp-json\/wp\/v2\/posts\/4472\/revisions"}],"predecessor-version":[{"id":4474,"href":"https:\/\/novosaopaulo.com.br\/index.php\/wp-json\/wp\/v2\/posts\/4472\/revisions\/4474"}],"wp:featuredmedia":[{"embeddable":true,"href":"https:\/\/novosaopaulo.com.br\/index.php\/wp-json\/wp\/v2\/media\/4473"}],"wp:attachment":[{"href":"https:\/\/novosaopaulo.com.br\/index.php\/wp-json\/wp\/v2\/media?parent=4472"}],"wp:term":[{"taxonomy":"category","embeddable":true,"href":"https:\/\/novosaopaulo.com.br\/index.php\/wp-json\/wp\/v2\/categories?post=4472"},{"taxonomy":"post_tag","embeddable":true,"href":"https:\/\/novosaopaulo.com.br\/index.php\/wp-json\/wp\/v2\/tags?post=4472"}],"curies":[{"name":"wp","href":"https:\/\/api.w.org\/{rel}","templated":true}]}}