{"id":4449,"date":"2021-03-22T21:16:41","date_gmt":"2021-03-23T00:16:41","guid":{"rendered":"http:\/\/novosaopaulo.com.br\/?p=4449"},"modified":"2021-03-22T21:16:41","modified_gmt":"2021-03-23T00:16:41","slug":"condemat-pleiteia-hospital-de-campanha-regional","status":"publish","type":"post","link":"https:\/\/novosaopaulo.com.br\/index.php\/2021\/03\/22\/condemat-pleiteia-hospital-de-campanha-regional\/","title":{"rendered":"CONDEMAT pleiteia hospital de campanha regional"},"content":{"rendered":"\n<p><em>Prefeitos se reuniram com Marco Vinholi e solicitam maior apoio do Estado no enfrentamento da pandemia<\/em><\/p>\n\n\n\n<p>Em reuni\u00e3o realizada neste domingo (21\/03) com o secret\u00e1rio de Desenvolvimento Regional, Marco Vinholi, o Conselho de Prefeitos do CONDEMAT \u2013 Cons\u00f3rcio de Desenvolvimento dos Munic\u00edpios do Alto Tiet\u00ea solicitou ao Governo do Estado apoio na implanta\u00e7\u00e3o de um hospital de campanha regional, com vagas destinadas aos infectados dos munic\u00edpios consorciados. Tamb\u00e9m foi solicitado apoio em barreiras sanit\u00e1rias e amplia\u00e7\u00e3o da circula\u00e7\u00e3o de \u00f4nibus e trens para reduzir a superlota\u00e7\u00e3o.<\/p>\n\n\n\n<p>\u201cMais do que nunca precisamos do respaldo do Estado em diversas quest\u00f5es como a amplia\u00e7\u00e3o de leitos, bem como no refor\u00e7o das medidas e da fiscaliza\u00e7\u00e3o nos munic\u00edpios. Estamos nos mobilizando para impedir o avan\u00e7o da pandemia, no entanto acreditamos que as a\u00e7\u00f5es devem ser regionalizadas para surtir efeito, contemplando toda a regi\u00e3o metropolitana\u201d, disse o prefeito Rodrigo Ashiuchi, presidente do CONDEMAT.<\/p>\n\n\n\n<p><br>A dificuldade de leitos tem sido um dos pontos mais problem\u00e1ticos da atual fase da pandemia, mesmo com todo o esfor\u00e7o dos prefeitos na amplia\u00e7\u00e3o da capacidade nas unidades municipais, bem como contrata\u00e7\u00e3o de unidades junto \u00e0 iniciativa privada e aporte nos hospitais regionais. Nas duas \u00faltimas semanas o Alto Tiet\u00ea registra ocupa\u00e7\u00e3o acima de 90%, com algumas cidades com \u00edndices superiores a 100%.&nbsp; Desde quarta-feira, 30 novos leitos come\u00e7aram a funcionar no Hospital Dr. Arnaldo Pezzuti, em Mogi das Cruzes, e s\u00e3o previstos mais 60 para os pr\u00f3ximos dias, al\u00e9m de outros 30 no Hospital das Cl\u00ednicas de Suzano.<\/p>\n\n\n\n<p>\u201cO Estado tem implantado hospitais de campanha em outras regi\u00f5es e fizemos um apelo para que o Alto Tiet\u00ea tamb\u00e9m conte com esse suporte rapidamente. \u00c9 fundamental tamb\u00e9m o apoio no fornecimento de rem\u00e9dios e oxig\u00eanio, que come\u00e7am a faltar\u201d, argumentou o presidente, ao comentar a import\u00e2ncia dos esfor\u00e7os coletivos&nbsp; em decorr\u00eancia do recrudescimento da pandemia. \u201cSomos gratos pelas parcerias do Estado, do governador e dos secret\u00e1rios,&nbsp; mas precisamos de mais porque enfrentamos um dos piores momentos, com alta taxa de transmiss\u00e3o, aumento de infectados e insufici\u00eancia de leitos, uma situa\u00e7\u00e3o que n\u00e3o tem como a regi\u00e3o vencer sozinha\u201d, acrescentou.<\/p>\n\n\n\n<p>Durante a reuni\u00e3o, os prefeitos solicitaram ainda o refor\u00e7o no apoio do Estado na operacionaliza\u00e7\u00e3o de barreiras sanit\u00e1rias nas entradas dos munic\u00edpios, em especial em Biritiba Mirim, Guararema, Sales\u00f3polis e Santa Isabel, que recebem grande fluxo de turistas e temem complica\u00e7\u00f5es com a antecipa\u00e7\u00e3o dos feriados municipais na Capital.<\/p>\n\n\n\n<p>No in\u00edcio desta semana, Ashiuchi participa de uma reuni\u00e3o com presidentes de outros cons\u00f3rcios intermunicipais do Estado para discutir a\u00e7\u00f5es regionais e a eventual antecipa\u00e7\u00e3o de feriados, a exemplo da Capital.<\/p>\n\n\n\n<p>Numa assembleia extraordin\u00e1ria realizada hoje \u00e0 noite, o Conselho de Prefeitos do CONDEMAT se posicionou, inicialmente, contr\u00e1rio a antecipa\u00e7\u00e3o de feriados no per\u00edodo entre 29 de mar\u00e7o e 4 de abril. A decis\u00e3o final, no entanto, s\u00f3 ser\u00e1 tomada ap\u00f3s consulta \u00e0 ind\u00fastria e outros setores.<\/p>\n\n\n\n<p>Os prefeitos tamb\u00e9m avan\u00e7aram em propostas como a amplia\u00e7\u00e3o do hor\u00e1rio de funcionamento de supermercados, com limita\u00e7\u00e3o de acesso de&nbsp; uma pessoa por vez, assim como na restri\u00e7\u00e3o para venda exclusiva de produtos aliment\u00edcios.<\/p>\n","protected":false},"excerpt":{"rendered":"<div class=\"mh-excerpt\"><p>Prefeitos se reuniram com Marco Vinholi e solicitam maior apoio do Estado no enfrentamento da pandemia<\/p>\n<\/div>","protected":false},"author":1,"featured_media":4450,"comment_status":"open","ping_status":"open","sticky":false,"template":"","format":"standard","meta":{"footnotes":""},"categories":[3],"tags":[97],"class_list":["post-4449","post","type-post","status-publish","format-standard","has-post-thumbnail","hentry","category-cidades","tag-condemat"],"_links":{"self":[{"href":"https:\/\/novosaopaulo.com.br\/index.php\/wp-json\/wp\/v2\/posts\/4449"}],"collection":[{"href":"https:\/\/novosaopaulo.com.br\/index.php\/wp-json\/wp\/v2\/posts"}],"about":[{"href":"https:\/\/novosaopaulo.com.br\/index.php\/wp-json\/wp\/v2\/types\/post"}],"author":[{"embeddable":true,"href":"https:\/\/novosaopaulo.com.br\/index.php\/wp-json\/wp\/v2\/users\/1"}],"replies":[{"embeddable":true,"href":"https:\/\/novosaopaulo.com.br\/index.php\/wp-json\/wp\/v2\/comments?post=4449"}],"version-history":[{"count":1,"href":"https:\/\/novosaopaulo.com.br\/index.php\/wp-json\/wp\/v2\/posts\/4449\/revisions"}],"predecessor-version":[{"id":4451,"href":"https:\/\/novosaopaulo.com.br\/index.php\/wp-json\/wp\/v2\/posts\/4449\/revisions\/4451"}],"wp:featuredmedia":[{"embeddable":true,"href":"https:\/\/novosaopaulo.com.br\/index.php\/wp-json\/wp\/v2\/media\/4450"}],"wp:attachment":[{"href":"https:\/\/novosaopaulo.com.br\/index.php\/wp-json\/wp\/v2\/media?parent=4449"}],"wp:term":[{"taxonomy":"category","embeddable":true,"href":"https:\/\/novosaopaulo.com.br\/index.php\/wp-json\/wp\/v2\/categories?post=4449"},{"taxonomy":"post_tag","embeddable":true,"href":"https:\/\/novosaopaulo.com.br\/index.php\/wp-json\/wp\/v2\/tags?post=4449"}],"curies":[{"name":"wp","href":"https:\/\/api.w.org\/{rel}","templated":true}]}}